{"id":95088,"date":"2019-07-09T14:09:59","date_gmt":"2019-07-09T12:09:59","guid":{"rendered":"https:\/\/zjarr.tv\/?p=95088"},"modified":"2019-07-09T14:09:59","modified_gmt":"2019-07-09T12:09:59","slug":"lleshaj-mbledh-ne-zyre-ardi-veliun-dhe-drejtues-te-tjere-te-policise","status":"publish","type":"post","link":"https:\/\/zjarr.tv\/en\/lleshaj-mbledh-ne-zyre-ardi-veliun-dhe-drejtues-te-tjere-te-policise\/","title":{"rendered":"Lleshaj mbledh n\u00eb zyr\u00eb Ardi Veliun dhe drejtues t\u00eb tjer\u00eb t\u00eb policis\u00eb"},"content":{"rendered":"<p>Pas takimit q\u00eb kryeministri pati nj\u00eb jav\u00eb m\u00eb par\u00eb me ministrin e Brendsh\u00ebm, drejtorin e policis\u00eb Ardi Veliu dhe zyrtar\u00eb t\u00eb tjer\u00eb t\u00eb k\u00ebtyre institucioneve, k\u00ebt\u00eb t\u00eb mart\u00eb ministri Lleshaj mbledh n\u00eb takim Ardi Veliun e drejtues t\u00eb tjer\u00eb t\u00eb policis\u00eb.<\/p>\n<p>Ministri Lleshaj ka deklaruar se takimi ka qen\u00eb rutin\u00eb p\u00ebr gjitha \u00e7\u00ebshtjet e policis\u00eb.<\/p>\n<p>N\u00eb takim m\u00ebsohet se ishin edhe zv.ministrat e Brendsh\u00ebm, kreu i Gard\u00ebs s\u00eb Republik\u00ebs Gramoz Sako, kreu i policis\u00eb rrugore Mitat Tola, drejtori i Akadenis\u00eb s\u00eb Siguris\u00eb Bilbil Mema, drejtori i policis\u00eb kriminale Tonin Vocaj, zv.drejtoresha e policis\u00eb s\u00eb shtetit Aida Hajnaj si dhe drejrues t\u00eb tjer\u00eb t\u00eb lart\u00eb t\u00eb Policis\u00eb s\u00eb Shetit.<\/p>\n<p>Takimi vjen vet\u00ebm nj\u00eb dit\u00eb pas protest\u00ebs s\u00eb 10 komb\u00ebtare t\u00eb opozit\u00ebs.<\/p>\n<p>&nbsp;<\/p>","protected":false},"excerpt":{"rendered":"<p>Pas takimit q\u00eb kryeministri pati nj\u00eb jav\u00eb m\u00eb par\u00eb me ministrin e Brendsh\u00ebm, drejtorin e policis\u00eb Ardi Veliu dhe zyrtar\u00eb t\u00eb tjer\u00eb t\u00eb k\u00ebtyre institucioneve, k\u00ebt\u00eb t\u00eb mart\u00eb ministri Lleshaj mbledh n\u00eb takim Ardi Veliun e drejtues t\u00eb tjer\u00eb t\u00eb policis\u00eb. Ministri Lleshaj ka deklaruar se takimi ka qen\u00eb rutin\u00eb p\u00ebr gjitha \u00e7\u00ebshtjet e policis\u00eb. [&hellip;]<\/p>\n","protected":false},"author":2013,"featured_media":0,"comment_status":"open","ping_status":"closed","sticky":false,"template":"","format":"standard","meta":{"footnotes":""},"categories":[241,235],"tags":[],"class_list":{"0":"post-95088","1":"post","2":"type-post","3":"status-publish","4":"format-standard","6":"category-aktualitet","7":"category-vendi"},"_links":{"self":[{"href":"https:\/\/zjarr.tv\/en\/wp-json\/wp\/v2\/posts\/95088","targetHints":{"allow":["GET"]}}],"collection":[{"href":"https:\/\/zjarr.tv\/en\/wp-json\/wp\/v2\/posts"}],"about":[{"href":"https:\/\/zjarr.tv\/en\/wp-json\/wp\/v2\/types\/post"}],"author":[{"embeddable":true,"href":"https:\/\/zjarr.tv\/en\/wp-json\/wp\/v2\/users\/2013"}],"replies":[{"embeddable":true,"href":"https:\/\/zjarr.tv\/en\/wp-json\/wp\/v2\/comments?post=95088"}],"version-history":[{"count":0,"href":"https:\/\/zjarr.tv\/en\/wp-json\/wp\/v2\/posts\/95088\/revisions"}],"wp:attachment":[{"href":"https:\/\/zjarr.tv\/en\/wp-json\/wp\/v2\/media?parent=95088"}],"wp:term":[{"taxonomy":"category","embeddable":true,"href":"https:\/\/zjarr.tv\/en\/wp-json\/wp\/v2\/categories?post=95088"},{"taxonomy":"post_tag","embeddable":true,"href":"https:\/\/zjarr.tv\/en\/wp-json\/wp\/v2\/tags?post=95088"}],"curies":[{"name":"wp","href":"https:\/\/api.w.org\/{rel}","templated":true}]}}