{"id":95090,"date":"2019-07-09T14:11:29","date_gmt":"2019-07-09T12:11:29","guid":{"rendered":"https:\/\/zjarr.tv\/?p=95090"},"modified":"2019-07-09T14:11:29","modified_gmt":"2019-07-09T12:11:29","slug":"asfaltohen-rruget-e-prekura-nga-ndertimi-i-linjes-se-transmetimit-boville-yzberisht","status":"publish","type":"post","link":"https:\/\/zjarr.tv\/en\/asfaltohen-rruget-e-prekura-nga-ndertimi-i-linjes-se-transmetimit-boville-yzberisht\/","title":{"rendered":"Asfaltohen rrug\u00ebt e prekura nga nd\u00ebrtimi i linj\u00ebs s\u00eb transmetimit Bovill\u00eb \u2013 Yzberisht"},"content":{"rendered":"<p>Pas nd\u00ebrtimit t\u00eb linj\u00ebs s\u00eb transmetimit Bovill\u00eb \u2013 Yzberisht n\u00eb zon\u00ebn e Institutit, Bashkia e Tiran\u00ebs \u00ebsht\u00eb kujdesur q\u00eb \u00e7do centimet\u00ebr i rrug\u00ebve t\u00eb prekura nga ky investim t\u2019i rikthehet normalitetit n\u00eb koh\u00eb reale.<\/p>\n<p>Mjetet e r\u00ebnda t\u00eb Bashkis\u00eb kan\u00eb asfaltuar edhe k\u00ebt\u00eb pjes\u00eb t\u00eb rrug\u00ebs, nd\u00ebrkoh\u00eb q\u00eb fal\u00eb investimit n\u00eb rrjetin uj\u00ebsjell\u00ebs, banor\u00ebt e zon\u00ebs s\u00eb Kasharit, Yzberishtit, Astirit, Kombinatit dhe Kod\u00ebr Kamz\u00ebs do t\u00eb ken\u00eb m\u00eb shum\u00eb uj\u00eb t\u00eb pijsh\u00ebm, por edhe m\u00eb cil\u00ebsor.<\/p>\n<p>&nbsp;<\/p>","protected":false},"excerpt":{"rendered":"<p>Pas nd\u00ebrtimit t\u00eb linj\u00ebs s\u00eb transmetimit Bovill\u00eb \u2013 Yzberisht n\u00eb zon\u00ebn e Institutit, Bashkia e Tiran\u00ebs \u00ebsht\u00eb kujdesur q\u00eb \u00e7do centimet\u00ebr i rrug\u00ebve t\u00eb prekura nga ky investim t\u2019i rikthehet normalitetit n\u00eb koh\u00eb reale. Mjetet e r\u00ebnda t\u00eb Bashkis\u00eb kan\u00eb asfaltuar edhe k\u00ebt\u00eb pjes\u00eb t\u00eb rrug\u00ebs, nd\u00ebrkoh\u00eb q\u00eb fal\u00eb investimit n\u00eb rrjetin uj\u00ebsjell\u00ebs, banor\u00ebt e [&hellip;]<\/p>\n","protected":false},"author":2013,"featured_media":95091,"comment_status":"open","ping_status":"closed","sticky":false,"template":"","format":"standard","meta":{"footnotes":""},"categories":[241,235],"tags":[],"class_list":{"0":"post-95090","1":"post","2":"type-post","3":"status-publish","4":"format-standard","5":"has-post-thumbnail","7":"category-aktualitet","8":"category-vendi"},"_links":{"self":[{"href":"https:\/\/zjarr.tv\/en\/wp-json\/wp\/v2\/posts\/95090","targetHints":{"allow":["GET"]}}],"collection":[{"href":"https:\/\/zjarr.tv\/en\/wp-json\/wp\/v2\/posts"}],"about":[{"href":"https:\/\/zjarr.tv\/en\/wp-json\/wp\/v2\/types\/post"}],"author":[{"embeddable":true,"href":"https:\/\/zjarr.tv\/en\/wp-json\/wp\/v2\/users\/2013"}],"replies":[{"embeddable":true,"href":"https:\/\/zjarr.tv\/en\/wp-json\/wp\/v2\/comments?post=95090"}],"version-history":[{"count":0,"href":"https:\/\/zjarr.tv\/en\/wp-json\/wp\/v2\/posts\/95090\/revisions"}],"wp:featuredmedia":[{"embeddable":true,"href":"https:\/\/zjarr.tv\/en\/wp-json\/wp\/v2\/media\/95091"}],"wp:attachment":[{"href":"https:\/\/zjarr.tv\/en\/wp-json\/wp\/v2\/media?parent=95090"}],"wp:term":[{"taxonomy":"category","embeddable":true,"href":"https:\/\/zjarr.tv\/en\/wp-json\/wp\/v2\/categories?post=95090"},{"taxonomy":"post_tag","embeddable":true,"href":"https:\/\/zjarr.tv\/en\/wp-json\/wp\/v2\/tags?post=95090"}],"curies":[{"name":"wp","href":"https:\/\/api.w.org\/{rel}","templated":true}]}}