{"id":95098,"date":"2019-07-09T14:23:35","date_gmt":"2019-07-09T12:23:35","guid":{"rendered":"https:\/\/zjarr.tv\/?p=95098"},"modified":"2019-07-09T14:23:35","modified_gmt":"2019-07-09T12:23:35","slug":"aksident-ne-autostaden-tirane-durres-autobusi-me-turiste-del-nga-rruga","status":"publish","type":"post","link":"https:\/\/zjarr.tv\/en\/aksident-ne-autostaden-tirane-durres-autobusi-me-turiste-del-nga-rruga\/","title":{"rendered":"Aksident n\u00eb autostad\u00ebn Tiran\u00eb-Durr\u00ebs, autobusi me turist\u00eb del nga rruga"},"content":{"rendered":"<p>Nj\u00eb aksident ka ndodhur n\u00eb k\u00ebto momente n\u00eb autostad\u00ebn Tiran\u00eb-Durr\u00ebs n\u00eb t\u00eb cilin \u00ebsht\u00eb p\u00ebrfshir\u00eb nj\u00eb autobus me turist\u00eb.<\/p>\n<p>Ngjarja ka ndodhur n\u00eb Maminas, nd\u00ebrsa si\u00e7 shihet nga pamjet autobusi ka dal\u00eb nga rruga dhe \u00ebsht\u00eb p\u00ebrplasur me bordur\u00ebn an\u00ebsore t\u00eb autostrad\u00ebs.<\/p>\n<p>Nga p\u00ebrplasja \u00ebsht\u00eb d\u00ebmtuar pjesa e p\u00ebrparme e autobusit, nd\u00ebrsa nuk raportohet p\u00ebr njer\u00ebz t\u00eb l\u00ebnduar.<\/p>\n<p>Nd\u00ebrkoh\u00eb n\u00eb autostrad\u00eb \u00ebsht\u00eb r\u00ebnduar trafiku, nd\u00ebrsa prezent \u00ebsht\u00eb edhe policia.<\/p>\n<p>&nbsp;<\/p>","protected":false},"excerpt":{"rendered":"<p>Nj\u00eb aksident ka ndodhur n\u00eb k\u00ebto momente n\u00eb autostad\u00ebn Tiran\u00eb-Durr\u00ebs n\u00eb t\u00eb cilin \u00ebsht\u00eb p\u00ebrfshir\u00eb nj\u00eb autobus me turist\u00eb. Ngjarja ka ndodhur n\u00eb Maminas, nd\u00ebrsa si\u00e7 shihet nga pamjet autobusi ka dal\u00eb nga rruga dhe \u00ebsht\u00eb p\u00ebrplasur me bordur\u00ebn an\u00ebsore t\u00eb autostrad\u00ebs. Nga p\u00ebrplasja \u00ebsht\u00eb d\u00ebmtuar pjesa e p\u00ebrparme e autobusit, nd\u00ebrsa nuk raportohet p\u00ebr [&hellip;]<\/p>\n","protected":false},"author":2013,"featured_media":95099,"comment_status":"open","ping_status":"closed","sticky":false,"template":"","format":"standard","meta":{"footnotes":""},"categories":[241,235],"tags":[],"class_list":{"0":"post-95098","1":"post","2":"type-post","3":"status-publish","4":"format-standard","5":"has-post-thumbnail","7":"category-aktualitet","8":"category-vendi"},"_links":{"self":[{"href":"https:\/\/zjarr.tv\/en\/wp-json\/wp\/v2\/posts\/95098","targetHints":{"allow":["GET"]}}],"collection":[{"href":"https:\/\/zjarr.tv\/en\/wp-json\/wp\/v2\/posts"}],"about":[{"href":"https:\/\/zjarr.tv\/en\/wp-json\/wp\/v2\/types\/post"}],"author":[{"embeddable":true,"href":"https:\/\/zjarr.tv\/en\/wp-json\/wp\/v2\/users\/2013"}],"replies":[{"embeddable":true,"href":"https:\/\/zjarr.tv\/en\/wp-json\/wp\/v2\/comments?post=95098"}],"version-history":[{"count":0,"href":"https:\/\/zjarr.tv\/en\/wp-json\/wp\/v2\/posts\/95098\/revisions"}],"wp:featuredmedia":[{"embeddable":true,"href":"https:\/\/zjarr.tv\/en\/wp-json\/wp\/v2\/media\/95099"}],"wp:attachment":[{"href":"https:\/\/zjarr.tv\/en\/wp-json\/wp\/v2\/media?parent=95098"}],"wp:term":[{"taxonomy":"category","embeddable":true,"href":"https:\/\/zjarr.tv\/en\/wp-json\/wp\/v2\/categories?post=95098"},{"taxonomy":"post_tag","embeddable":true,"href":"https:\/\/zjarr.tv\/en\/wp-json\/wp\/v2\/tags?post=95098"}],"curies":[{"name":"wp","href":"https:\/\/api.w.org\/{rel}","templated":true}]}}