{"id":95107,"date":"2019-07-09T14:45:43","date_gmt":"2019-07-09T12:45:43","guid":{"rendered":"https:\/\/zjarr.tv\/?p=95107"},"modified":"2019-07-09T14:45:43","modified_gmt":"2019-07-09T12:45:43","slug":"pas-bashes-shefja-e-misionit-te-osbe-odihr-takon-kryetaren-e-klgj","status":"publish","type":"post","link":"https:\/\/zjarr.tv\/en\/pas-bashes-shefja-e-misionit-te-osbe-odihr-takon-kryetaren-e-klgj\/","title":{"rendered":"Pas Bash\u00ebs, shefja e misionit t\u00eb OSBE\/ODIHR takon kryetaren e KLGJ"},"content":{"rendered":"<p>Pas takimit me kryetarin e PD, Lulzim Basha shefja e misionit t\u00eb OSBE\/ODIHR, Audrey Glover ka takua edhe kryetaren e K\u00ebshillit t\u00eb Lart\u00eb Gjyq\u00ebsor Naureda Llagami.<\/p>\n<p>Takimi ka zgjatur disa minuta, nd\u00ebrsa n\u00eb p\u00ebrfundim, ambasadorja \u00a0Audrey Glover nuk ka pranuar t\u00eb flas\u00eb p\u00ebr mediat.<\/p>\n<p>&nbsp;<\/p>","protected":false},"excerpt":{"rendered":"<p>Pas takimit me kryetarin e PD, Lulzim Basha shefja e misionit t\u00eb OSBE\/ODIHR, Audrey Glover ka takua edhe kryetaren e K\u00ebshillit t\u00eb Lart\u00eb Gjyq\u00ebsor Naureda Llagami. Takimi ka zgjatur disa minuta, nd\u00ebrsa n\u00eb p\u00ebrfundim, ambasadorja \u00a0Audrey Glover nuk ka pranuar t\u00eb flas\u00eb p\u00ebr mediat. &nbsp;<\/p>","protected":false},"author":2013,"featured_media":95108,"comment_status":"open","ping_status":"closed","sticky":false,"template":"","format":"standard","meta":{"footnotes":""},"categories":[241,235],"tags":[],"class_list":{"0":"post-95107","1":"post","2":"type-post","3":"status-publish","4":"format-standard","5":"has-post-thumbnail","7":"category-aktualitet","8":"category-vendi"},"_links":{"self":[{"href":"https:\/\/zjarr.tv\/en\/wp-json\/wp\/v2\/posts\/95107","targetHints":{"allow":["GET"]}}],"collection":[{"href":"https:\/\/zjarr.tv\/en\/wp-json\/wp\/v2\/posts"}],"about":[{"href":"https:\/\/zjarr.tv\/en\/wp-json\/wp\/v2\/types\/post"}],"author":[{"embeddable":true,"href":"https:\/\/zjarr.tv\/en\/wp-json\/wp\/v2\/users\/2013"}],"replies":[{"embeddable":true,"href":"https:\/\/zjarr.tv\/en\/wp-json\/wp\/v2\/comments?post=95107"}],"version-history":[{"count":0,"href":"https:\/\/zjarr.tv\/en\/wp-json\/wp\/v2\/posts\/95107\/revisions"}],"wp:featuredmedia":[{"embeddable":true,"href":"https:\/\/zjarr.tv\/en\/wp-json\/wp\/v2\/media\/95108"}],"wp:attachment":[{"href":"https:\/\/zjarr.tv\/en\/wp-json\/wp\/v2\/media?parent=95107"}],"wp:term":[{"taxonomy":"category","embeddable":true,"href":"https:\/\/zjarr.tv\/en\/wp-json\/wp\/v2\/categories?post=95107"},{"taxonomy":"post_tag","embeddable":true,"href":"https:\/\/zjarr.tv\/en\/wp-json\/wp\/v2\/tags?post=95107"}],"curies":[{"name":"wp","href":"https:\/\/api.w.org\/{rel}","templated":true}]}}