{"id":95110,"date":"2019-07-09T14:46:42","date_gmt":"2019-07-09T12:46:42","guid":{"rendered":"https:\/\/zjarr.tv\/?p=95110"},"modified":"2019-07-09T14:46:42","modified_gmt":"2019-07-09T12:46:42","slug":"ambasada-e-kosoves-cel-ekspozite-per-promovimin-e-faunes-shqiptare","status":"publish","type":"post","link":"https:\/\/zjarr.tv\/en\/ambasada-e-kosoves-cel-ekspozite-per-promovimin-e-faunes-shqiptare\/","title":{"rendered":"Ambasada e Kosov\u00ebs \u00e7el ekspozit\u00eb p\u00ebr promovimin e faun\u00ebs shqiptare"},"content":{"rendered":"<p>Ambasada e Kosov\u00ebs ka hapur dyert e nj\u00eb ekspozite tejet t\u00eb ve\u00e7ant\u00eb. Artist\u00ebt nga Shqip\u00ebria e Kosova jan\u00eb b\u00ebr\u00eb bashk\u00eb p\u00ebr t\u00eb sjell\u00eb nj\u00eb album fotografik t\u00eb faun\u00ebs s\u00eb eg\u00ebr, nj\u00eb pasuri komb\u00ebtare e ndodhur n\u00eb t\u00eb dy shtetet.<\/p>\n<p>Ambasadori i Kosov\u00ebs n\u00eb Tiran\u00eb, Syl\u00eb Ukshini, e cil\u00ebsoi k\u00ebt\u00eb ekspozit\u00eb nj\u00eb veprimtari t\u00eb ve\u00e7ant\u00eb.<\/p>\n<p><strong>Syl\u00eb Ukshini:<\/strong><em>\u00a0\u201cKur i sheh k\u00ebto fotografi nuk u beson syve se kjo faun\u00eb ekziston n\u00eb ambientet shqiptare. Synimi \u00ebsht\u00eb q\u00eb njer\u00ebzit t\u00eb jen\u00eb t\u00eb v\u00ebmendsh\u00ebm p\u00ebr ta ruajtur k\u00ebt\u00eb pasuri. Sepse kjo krijon nj\u00eb lloj balance natyrore. Duke pasur k\u00ebt\u00eb faun\u00eb kemi nj\u00eb ambient m\u00eb t\u00eb mir\u00eb, m\u00eb t\u00eb pasur dhe m\u00eb t\u00eb past\u00ebr.\u201d<\/em><\/p>\n<p>Ambasdori Ukshini tha se kjo ekspozit\u00eb do ti kaloj\u00eb kufijt\u00eb e shtetit shqiptar, duke u prezantuar edhe n\u00eb vende t\u00eb tjera<\/p>\n<p><strong>Syl\u00eb Ukshini:<\/strong>\u00a0<em>&#8220;\u00cbsht\u00eb hera e par\u00eb q\u00eb brenda ambienteve t\u00eb ambasad\u00ebs b\u00ebhet nj\u00eb ekspozit\u00eb e till\u00eb dhe kjo ekspozit\u00eb q\u00eb ka startuar k\u00ebto do t\u00eb vazhdoj edhe n\u00eb ambasadat e tjera. Stacioni tjet\u00ebr i radh\u00ebs do jet\u00eb n\u00eb Lond\u00ebr. Publikut londinez dhe misioneve diplomatike do tu prezantohen bukurit\u00eb e rralla q\u00eb ka fauna.\u201d<\/em><\/p>\n<p>\u201cEkspozita e jet\u00ebs s\u00eb eg\u00ebr shqiptare\u201d ka p\u00ebr q\u00ebllim promovimin dhe mbrojtjen e faun\u00ebs n\u00eb trevat shqiptare p\u00ebrmes fotografis\u00eb.<\/p>\n<p>&nbsp;<\/p>","protected":false},"excerpt":{"rendered":"<p>Ambasada e Kosov\u00ebs ka hapur dyert e nj\u00eb ekspozite tejet t\u00eb ve\u00e7ant\u00eb. Artist\u00ebt nga Shqip\u00ebria e Kosova jan\u00eb b\u00ebr\u00eb bashk\u00eb p\u00ebr t\u00eb sjell\u00eb nj\u00eb album fotografik t\u00eb faun\u00ebs s\u00eb eg\u00ebr, nj\u00eb pasuri komb\u00ebtare e ndodhur n\u00eb t\u00eb dy shtetet. Ambasadori i Kosov\u00ebs n\u00eb Tiran\u00eb, Syl\u00eb Ukshini, e cil\u00ebsoi k\u00ebt\u00eb ekspozit\u00eb nj\u00eb veprimtari t\u00eb ve\u00e7ant\u00eb. Syl\u00eb [&hellip;]<\/p>\n","protected":false},"author":2013,"featured_media":95111,"comment_status":"open","ping_status":"closed","sticky":false,"template":"","format":"standard","meta":{"footnotes":""},"categories":[241,235],"tags":[],"class_list":{"0":"post-95110","1":"post","2":"type-post","3":"status-publish","4":"format-standard","5":"has-post-thumbnail","7":"category-aktualitet","8":"category-vendi"},"_links":{"self":[{"href":"https:\/\/zjarr.tv\/en\/wp-json\/wp\/v2\/posts\/95110","targetHints":{"allow":["GET"]}}],"collection":[{"href":"https:\/\/zjarr.tv\/en\/wp-json\/wp\/v2\/posts"}],"about":[{"href":"https:\/\/zjarr.tv\/en\/wp-json\/wp\/v2\/types\/post"}],"author":[{"embeddable":true,"href":"https:\/\/zjarr.tv\/en\/wp-json\/wp\/v2\/users\/2013"}],"replies":[{"embeddable":true,"href":"https:\/\/zjarr.tv\/en\/wp-json\/wp\/v2\/comments?post=95110"}],"version-history":[{"count":0,"href":"https:\/\/zjarr.tv\/en\/wp-json\/wp\/v2\/posts\/95110\/revisions"}],"wp:featuredmedia":[{"embeddable":true,"href":"https:\/\/zjarr.tv\/en\/wp-json\/wp\/v2\/media\/95111"}],"wp:attachment":[{"href":"https:\/\/zjarr.tv\/en\/wp-json\/wp\/v2\/media?parent=95110"}],"wp:term":[{"taxonomy":"category","embeddable":true,"href":"https:\/\/zjarr.tv\/en\/wp-json\/wp\/v2\/categories?post=95110"},{"taxonomy":"post_tag","embeddable":true,"href":"https:\/\/zjarr.tv\/en\/wp-json\/wp\/v2\/tags?post=95110"}],"curies":[{"name":"wp","href":"https:\/\/api.w.org\/{rel}","templated":true}]}}