{"id":95115,"date":"2019-07-09T14:57:37","date_gmt":"2019-07-09T12:57:37","guid":{"rendered":"https:\/\/zjarr.tv\/?p=95115"},"modified":"2019-07-09T14:57:37","modified_gmt":"2019-07-09T12:57:37","slug":"pergjigja-qe-dha-per-kryetaren-e-bashkise-shkoder-dylgjeri-ka-nje-pyetje-per-ambasadorin","status":"publish","type":"post","link":"https:\/\/zjarr.tv\/en\/pergjigja-qe-dha-per-kryetaren-e-bashkise-shkoder-dylgjeri-ka-nje-pyetje-per-ambasadorin\/","title":{"rendered":"Pergjigja q\u00eb dha p\u00ebr kryetaren e bashkis\u00eb Shkod\u00ebr, Dylgjeri ka nj\u00eb pyetje p\u00ebr ambasadorin&#8230;"},"content":{"rendered":"<p>Nga Ylli Dylgjeri\/<\/p>\n<p>P\u00ebrse k\u00ebt\u00eb k\u00ebshill\u00eb nuk e dha para 30 Qershorit? Por e dha si p\u00ebrgjigje t\u00eb letr\u00ebs s\u00eb Voltan\u00ebs, pas dates 30 Qershor, pasi ishte dhunuar Dekreti i Presidentit?<\/p>\n<p>Shqiptaret n\u00eb protest\u00eb duan zgjidhje t\u00eb but\u00eb,\u00a0por, me largimin e Ram\u00ebs dhe jo kompromis\u00a0me Ramen! Rama s&#8217;mund t\u00eb jete edhe\u00a0dhunuesi i Kushtetut\u00ebs, edhe zaptuesi i t\u00eb<br \/>\ngjithe Bashkive, edhe autori i zgjidhjes&#8230; ?!<br \/>\nA do t\u00eb lejohej kjo situat\u00eb n\u00eb vendin e Ambasadorit?\u00a0Pergjigja do t\u00eb ishte \u201csigurisht\u00a0qe jo\u201d. Por n\u00ebse kjo marr\u00ebzi do t\u00eb kryhej nga Kryeministri i vendit t\u00eb Ambasadorit \u00e7far\u00eb do\u00a0t\u00eb b\u00ebnte qytetari &#8211; ambasador? Do ta pranonte marr\u00ebzin\u00eb dhe do t\u00eb lutej p\u00ebr kompromis me Kryeministrin zaptues t\u00eb t\u00eb gjith\u00eb Bashkive q\u00eb kishte zaptuar edhe t\u00eb gjith\u00eb pushtetet n\u00eb 2017 dhe k\u00ebrc\u00ebnon e shantazhon Presidentin p\u00ebr ta shkarkuar dhe zaptuar edhe Gjykaten Kushtetuese?!<\/p>\n<p>Ky \u00ebsht\u00eb edhe paradoksi yn\u00eb: Rama sillet si n\u00eb 1913 dhe Opozita q\u00eb k\u00ebrkon zgjidhje europiane n\u00eb 2019 dhe nuk ka asnj\u00eb mb\u00ebshtetje, madje ndonj\u00eb zyrtar p\u00ebrendimor e mb\u00ebshteti dy dit\u00eb para zullumit te 30 Qershorit Ram\u00ebn e 1913?! Rama i 1913 nuk mund te jet\u00eb pjes\u00eb e zgjidhjes q\u00eb k\u00ebrkon opozita e 2019 prandaj k\u00ebrkohet jo pjesemarrje e nd\u00ebrkomb\u00ebtar\u00ebve por mesazhi i sinqert\u00eb i tyre q\u00eb Ballkani t\u00eb mos rindahet si<br \/>\nn\u00eb 1913 si\u00e7 po tentojn\u00eb Rama, Tha\u00e7i e Vu\u00e7i\u00e7?!<\/p>\n<p>&nbsp;<\/p>","protected":false},"excerpt":{"rendered":"<p>Nga Ylli Dylgjeri\/ P\u00ebrse k\u00ebt\u00eb k\u00ebshill\u00eb nuk e dha para 30 Qershorit? Por e dha si p\u00ebrgjigje t\u00eb letr\u00ebs s\u00eb Voltan\u00ebs, pas dates 30 Qershor, pasi ishte dhunuar Dekreti i Presidentit? Shqiptaret n\u00eb protest\u00eb duan zgjidhje t\u00eb but\u00eb,\u00a0por, me largimin e Ram\u00ebs dhe jo kompromis\u00a0me Ramen! Rama s&#8217;mund t\u00eb jete edhe\u00a0dhunuesi i Kushtetut\u00ebs, edhe zaptuesi [&hellip;]<\/p>\n","protected":false},"author":2013,"featured_media":0,"comment_status":"open","ping_status":"closed","sticky":false,"template":"","format":"standard","meta":{"footnotes":""},"categories":[241,235],"tags":[],"class_list":{"0":"post-95115","1":"post","2":"type-post","3":"status-publish","4":"format-standard","6":"category-aktualitet","7":"category-vendi"},"_links":{"self":[{"href":"https:\/\/zjarr.tv\/en\/wp-json\/wp\/v2\/posts\/95115","targetHints":{"allow":["GET"]}}],"collection":[{"href":"https:\/\/zjarr.tv\/en\/wp-json\/wp\/v2\/posts"}],"about":[{"href":"https:\/\/zjarr.tv\/en\/wp-json\/wp\/v2\/types\/post"}],"author":[{"embeddable":true,"href":"https:\/\/zjarr.tv\/en\/wp-json\/wp\/v2\/users\/2013"}],"replies":[{"embeddable":true,"href":"https:\/\/zjarr.tv\/en\/wp-json\/wp\/v2\/comments?post=95115"}],"version-history":[{"count":0,"href":"https:\/\/zjarr.tv\/en\/wp-json\/wp\/v2\/posts\/95115\/revisions"}],"wp:attachment":[{"href":"https:\/\/zjarr.tv\/en\/wp-json\/wp\/v2\/media?parent=95115"}],"wp:term":[{"taxonomy":"category","embeddable":true,"href":"https:\/\/zjarr.tv\/en\/wp-json\/wp\/v2\/categories?post=95115"},{"taxonomy":"post_tag","embeddable":true,"href":"https:\/\/zjarr.tv\/en\/wp-json\/wp\/v2\/tags?post=95115"}],"curies":[{"name":"wp","href":"https:\/\/api.w.org\/{rel}","templated":true}]}}