{"id":95117,"date":"2019-07-09T15:00:41","date_gmt":"2019-07-09T13:00:41","guid":{"rendered":"https:\/\/zjarr.tv\/?p=95117"},"modified":"2019-07-09T15:00:41","modified_gmt":"2019-07-09T13:00:41","slug":"meta-takon-erdoganin-turqia-peshe-per-mbrojtjen-e-ballkanit","status":"publish","type":"post","link":"https:\/\/zjarr.tv\/en\/meta-takon-erdoganin-turqia-peshe-per-mbrojtjen-e-ballkanit\/","title":{"rendered":"Meta takon Erdoganin: Turqia, pesh\u00eb p\u00ebr mbrojtjen e Ballkanit"},"content":{"rendered":"<p>Presidenti i Republik\u00ebs, Ilir Meta, ka zhvilluar sot nj\u00eb takim me homologun e tij turk, Erdogan, gjat\u00eb Samitit t\u00eb SEECP, q\u00eb po zhvillohet n\u00eb Sarajev\u00eb.<\/p>\n<p>Lajmin e ka b\u00ebr\u00eb t\u00eb ditur vet\u00eb Kreu i Shtetit Shqiptar, i cili shkruan n\u00eb \u201cFacebook\u201d se marr\u00ebdh\u00ebniet e shk\u00eblqyera mes dy vendeve kan\u00eb nj\u00eb t\u00eb ardhme mjaft premtuese.<\/p>\n<p>M\u00eb tej, Meta thekson pesh\u00ebn e jasht\u00ebzakonshme q\u00eb, sipas tij, ka Turqia n\u00eb mbrojtjen e Ballkanit dhe t\u00eb Evrop\u00ebs nga emigracioni i paligjsh\u00ebm.<\/p>\n<p>\u201cK\u00ebnaq\u00ebsi t\u00eb takoja sot n\u00eb Sarajev\u00eb, Presidentin e Turqis\u00eb, z.Recep Tayyip Erdo\u011fan. Marr\u00ebdh\u00ebniet tona t\u00eb shk\u00eblqyera tradicionale kan\u00eb nj\u00eb t\u00eb ardhme mjaft premtuese.<\/p>\n<p>Mir\u00ebnjoh\u00ebs p\u00ebr pesh\u00ebn e jasht\u00ebzakonshme q\u00eb Turqia mban p\u00ebr t\u00eb mbrojtur Ballkanin dhe Europ\u00ebn nga emigracioni i paligjsh\u00ebm\u201d, thekson Meta.<\/p>\n<p>&nbsp;<\/p>","protected":false},"excerpt":{"rendered":"<p>Presidenti i Republik\u00ebs, Ilir Meta, ka zhvilluar sot nj\u00eb takim me homologun e tij turk, Erdogan, gjat\u00eb Samitit t\u00eb SEECP, q\u00eb po zhvillohet n\u00eb Sarajev\u00eb. Lajmin e ka b\u00ebr\u00eb t\u00eb ditur vet\u00eb Kreu i Shtetit Shqiptar, i cili shkruan n\u00eb \u201cFacebook\u201d se marr\u00ebdh\u00ebniet e shk\u00eblqyera mes dy vendeve kan\u00eb nj\u00eb t\u00eb ardhme mjaft premtuese. M\u00eb [&hellip;]<\/p>\n","protected":false},"author":2013,"featured_media":95118,"comment_status":"open","ping_status":"closed","sticky":false,"template":"","format":"standard","meta":{"footnotes":""},"categories":[241,235],"tags":[],"class_list":{"0":"post-95117","1":"post","2":"type-post","3":"status-publish","4":"format-standard","5":"has-post-thumbnail","7":"category-aktualitet","8":"category-vendi"},"_links":{"self":[{"href":"https:\/\/zjarr.tv\/en\/wp-json\/wp\/v2\/posts\/95117","targetHints":{"allow":["GET"]}}],"collection":[{"href":"https:\/\/zjarr.tv\/en\/wp-json\/wp\/v2\/posts"}],"about":[{"href":"https:\/\/zjarr.tv\/en\/wp-json\/wp\/v2\/types\/post"}],"author":[{"embeddable":true,"href":"https:\/\/zjarr.tv\/en\/wp-json\/wp\/v2\/users\/2013"}],"replies":[{"embeddable":true,"href":"https:\/\/zjarr.tv\/en\/wp-json\/wp\/v2\/comments?post=95117"}],"version-history":[{"count":0,"href":"https:\/\/zjarr.tv\/en\/wp-json\/wp\/v2\/posts\/95117\/revisions"}],"wp:featuredmedia":[{"embeddable":true,"href":"https:\/\/zjarr.tv\/en\/wp-json\/wp\/v2\/media\/95118"}],"wp:attachment":[{"href":"https:\/\/zjarr.tv\/en\/wp-json\/wp\/v2\/media?parent=95117"}],"wp:term":[{"taxonomy":"category","embeddable":true,"href":"https:\/\/zjarr.tv\/en\/wp-json\/wp\/v2\/categories?post=95117"},{"taxonomy":"post_tag","embeddable":true,"href":"https:\/\/zjarr.tv\/en\/wp-json\/wp\/v2\/tags?post=95117"}],"curies":[{"name":"wp","href":"https:\/\/api.w.org\/{rel}","templated":true}]}}