{"id":95120,"date":"2019-07-09T15:03:10","date_gmt":"2019-07-09T13:03:10","guid":{"rendered":"https:\/\/zjarr.tv\/?p=95120"},"modified":"2019-07-09T15:03:10","modified_gmt":"2019-07-09T13:03:10","slug":"vasili-thumbon-sattler-ambasador-me-pushime-mos-e-dhente-zoti-te","status":"publish","type":"post","link":"https:\/\/zjarr.tv\/en\/vasili-thumbon-sattler-ambasador-me-pushime-mos-e-dhente-zoti-te\/","title":{"rendered":"Vasili thumbon Sattler: Ambasador me pushime, mos e dh\u00ebnt\u00eb Zoti t\u00eb.."},"content":{"rendered":"<p>N\u00ebnkryetari i LSI-s\u00eb Petrit Vasili ka reaguar pas p\u00ebrgjigjes s\u00eb ambasadorit t\u00eb Austris\u00eb n\u00eb Tiran\u00eb Johann Sattler p\u00ebr kryebashkiaken n\u00eb detyr\u00eb t\u00eb Shkodr\u00ebs Voltana Ademi.<\/p>\n<p>Nd\u00ebrsa Sattler i tha Ademit se jemi n\u00eb 2019 e jo 2013, Vasili shkruan se Shqip\u00ebria jeton akoma n\u00ebn nj\u00eb kryeminist\u00ebr t\u00eb 1913. Sipas tij disa ambasador\u00eb kan\u00eb b\u00ebr\u00eb vet\u00ebm pushime n\u00eb Shqip\u00ebri, duke aluduar madje se mund t\u00eb jen\u00eb sponsorizuar nga kryeministri.<\/p>\n<p>\u201cShqip\u00ebria jeton akoma (edhe p\u00ebr shum\u00eb pak koh\u00eb) n\u00ebn nj\u00eb kryeminist\u00ebr t\u00eb 1913 edhe sepse disa ambasador\u00eb kan\u00eb b\u00ebr\u00eb vet\u00ebm e vet\u00ebm pushime n\u00eb Shqip\u00ebri, mos e dh\u00ebnte Zoti t\u00eb sponsorizuar nga vet\u00eb kryeministri q\u00eb b\u00ebn votime moniste q\u00eb s\u2019gjenden m\u00eb as n\u00eb Afrik\u00ebn e zeze.<br \/>\nK\u00ebto votime p\u00ebr faqe t\u00eb zeze ku kryeministri vjedh edhe veten e b\u00ebhet gazi i bot\u00ebs disa\u2026.nuk i shohin.<br \/>\nDhe pastaj na thon\u00eb didaskalirat e integrimit europian\u2026Integrim europian me moniz\u00ebm ua ua ua\u201d, shkruan Vasili.<\/p>\n<p>&nbsp;<\/p>","protected":false},"excerpt":{"rendered":"<p>N\u00ebnkryetari i LSI-s\u00eb Petrit Vasili ka reaguar pas p\u00ebrgjigjes s\u00eb ambasadorit t\u00eb Austris\u00eb n\u00eb Tiran\u00eb Johann Sattler p\u00ebr kryebashkiaken n\u00eb detyr\u00eb t\u00eb Shkodr\u00ebs Voltana Ademi. Nd\u00ebrsa Sattler i tha Ademit se jemi n\u00eb 2019 e jo 2013, Vasili shkruan se Shqip\u00ebria jeton akoma n\u00ebn nj\u00eb kryeminist\u00ebr t\u00eb 1913. Sipas tij disa ambasador\u00eb kan\u00eb b\u00ebr\u00eb vet\u00ebm [&hellip;]<\/p>\n","protected":false},"author":2013,"featured_media":70162,"comment_status":"open","ping_status":"closed","sticky":false,"template":"","format":"standard","meta":{"footnotes":""},"categories":[241,235],"tags":[],"class_list":{"0":"post-95120","1":"post","2":"type-post","3":"status-publish","4":"format-standard","5":"has-post-thumbnail","7":"category-aktualitet","8":"category-vendi"},"_links":{"self":[{"href":"https:\/\/zjarr.tv\/en\/wp-json\/wp\/v2\/posts\/95120","targetHints":{"allow":["GET"]}}],"collection":[{"href":"https:\/\/zjarr.tv\/en\/wp-json\/wp\/v2\/posts"}],"about":[{"href":"https:\/\/zjarr.tv\/en\/wp-json\/wp\/v2\/types\/post"}],"author":[{"embeddable":true,"href":"https:\/\/zjarr.tv\/en\/wp-json\/wp\/v2\/users\/2013"}],"replies":[{"embeddable":true,"href":"https:\/\/zjarr.tv\/en\/wp-json\/wp\/v2\/comments?post=95120"}],"version-history":[{"count":0,"href":"https:\/\/zjarr.tv\/en\/wp-json\/wp\/v2\/posts\/95120\/revisions"}],"wp:featuredmedia":[{"embeddable":true,"href":"https:\/\/zjarr.tv\/en\/wp-json\/wp\/v2\/media\/70162"}],"wp:attachment":[{"href":"https:\/\/zjarr.tv\/en\/wp-json\/wp\/v2\/media?parent=95120"}],"wp:term":[{"taxonomy":"category","embeddable":true,"href":"https:\/\/zjarr.tv\/en\/wp-json\/wp\/v2\/categories?post=95120"},{"taxonomy":"post_tag","embeddable":true,"href":"https:\/\/zjarr.tv\/en\/wp-json\/wp\/v2\/tags?post=95120"}],"curies":[{"name":"wp","href":"https:\/\/api.w.org\/{rel}","templated":true}]}}