{"id":95416,"date":"2019-07-10T22:10:48","date_gmt":"2019-07-10T20:10:48","guid":{"rendered":"https:\/\/zjarr.tv\/?p=95416"},"modified":"2019-07-10T16:59:26","modified_gmt":"2019-07-10T14:59:26","slug":"le-monde-vlereson-kadarene-mes-100-emrave-te-medhenj-te-sugjeruar-nga-kritiket","status":"publish","type":"post","link":"https:\/\/zjarr.tv\/en\/le-monde-vlereson-kadarene-mes-100-emrave-te-medhenj-te-sugjeruar-nga-kritiket\/","title":{"rendered":"\u201cLe Monde\u201d vler\u00ebson Kadaren\u00eb, mes 100 emrave t\u00eb m\u00ebdhenj t\u00eb sugjeruar nga kritik\u00ebt"},"content":{"rendered":"<p><em>Gazeta franceze \u201cLe Monde\u201d ka p\u00ebrzgjdhur n\u00eb list\u00ebn e 100 shkrimtar\u00ebve m\u00eb t\u00eb mir\u00eb, edhe Ismail Kadaren\u00eb m\u00eb romanin \u201cGjenerali i Ushtris\u00eb s\u00eb Vdekur\u201d. Ky suplement vjen n\u00eb form\u00ebn e sugjerimit p\u00ebr lexuesin, t\u00eb nj\u00eb plejade elitare t\u00eb autor\u00ebve t\u00eb evidentuar nga kritiket e gazet\u00ebs q\u00eb prej vitit 1946.<\/em><\/p>\n<p>Shkrimtari i mir\u00ebnjohur shqiptar Ismail Kadare dhe vepra e tij \u201cGjenerali i Ushtris\u00eb s\u00eb Vdekur\u201d \u00ebsht\u00eb p\u00ebrfshir\u00eb n\u00eb list\u00ebn e 100 romaneve m\u00eb t\u00eb mir\u00eb q\u00eb kritik\u00ebt e gazet\u00ebs \u201cLe Monde\u201d kan\u00eb evidentuar q\u00eb prej krijimit t\u00eb saj n\u00eb 1946. Kadare renditet mes shkrimtar\u00ebve t\u00eb m\u00ebdhenj t\u00eb k\u00ebtij shekulli, si Kazanzaqis, Pasternak, Kundera, Solzhenicin, Aragon, Jursenar, Graham Green, Salman Rushdi etj.<\/p>\n<p>Kjo plejad\u00eb elitare vjen si nj\u00eb sugjerim p\u00ebr lexuesin, n\u00ebp\u00ebrmjet nj\u00eb suplementi t\u00eb ve\u00e7ant\u00eb letrar, q\u00eb k\u00ebshillon mes tyre edhe romanin &#8220;Gjenerali i ushtris\u00eb s\u00eb vdekur&#8221; t\u00eb prezantuar me kritik\u00ebn q\u00eb Alen Boske i ka b\u00ebr\u00eb n\u00eb &#8216;Le Monde&#8217; n\u00eb vitin 1970.<\/p>\n<p><em>&#8220;Ajo q\u00eb godet menj\u00ebher\u00eb \u00ebsht\u00eb ironia fine e autorit, gjenerali i tij italian nuk \u00ebsht\u00eb nj\u00eb karikatur\u00eb. Ai ka virtytet e tij, nj\u00eb nga t\u00eb cilat \u00ebsht\u00eb besimi gjysmak n\u00eb misionin e vet, dhe t\u00eb meta si p\u00ebrshembull indiferenca ndaj gjith\u00e7kaje\u201d<\/em>\u00a0shkruan Boske p\u00ebr romanin e Kadares\u00eb.<\/p>\n<p>P\u00ebr kritik\u00ebt e \u201cLe Monde\u201d, kjo p\u00ebrzgjedhje e vet\u00ebm disa shkrimtar\u00ebve mes emrave t\u00eb m\u00ebdhenj, nuk ka qen\u00eb nj\u00eb pun\u00eb e leht\u00eb. N\u00eb suplement sqarohet se lista e autor\u00ebve ka qen\u00eb frut i diskutimeve dhe debateve t\u00eb forta.<\/p>\n<p>&nbsp;<\/p>","protected":false},"excerpt":{"rendered":"<p>Gazeta franceze \u201cLe Monde\u201d ka p\u00ebrzgjdhur n\u00eb list\u00ebn e 100 shkrimtar\u00ebve m\u00eb t\u00eb mir\u00eb, edhe Ismail Kadaren\u00eb m\u00eb romanin \u201cGjenerali i Ushtris\u00eb s\u00eb Vdekur\u201d. Ky suplement vjen n\u00eb form\u00ebn e sugjerimit p\u00ebr lexuesin, t\u00eb nj\u00eb plejade elitare t\u00eb autor\u00ebve t\u00eb evidentuar nga kritiket e gazet\u00ebs q\u00eb prej vitit 1946. Shkrimtari i mir\u00ebnjohur shqiptar Ismail Kadare [&hellip;]<\/p>\n","protected":false},"author":2013,"featured_media":51594,"comment_status":"open","ping_status":"closed","sticky":false,"template":"","format":"standard","meta":{"footnotes":""},"categories":[241,337],"tags":[],"class_list":{"0":"post-95416","1":"post","2":"type-post","3":"status-publish","4":"format-standard","5":"has-post-thumbnail","7":"category-aktualitet","8":"category-kulture"},"_links":{"self":[{"href":"https:\/\/zjarr.tv\/en\/wp-json\/wp\/v2\/posts\/95416","targetHints":{"allow":["GET"]}}],"collection":[{"href":"https:\/\/zjarr.tv\/en\/wp-json\/wp\/v2\/posts"}],"about":[{"href":"https:\/\/zjarr.tv\/en\/wp-json\/wp\/v2\/types\/post"}],"author":[{"embeddable":true,"href":"https:\/\/zjarr.tv\/en\/wp-json\/wp\/v2\/users\/2013"}],"replies":[{"embeddable":true,"href":"https:\/\/zjarr.tv\/en\/wp-json\/wp\/v2\/comments?post=95416"}],"version-history":[{"count":0,"href":"https:\/\/zjarr.tv\/en\/wp-json\/wp\/v2\/posts\/95416\/revisions"}],"wp:featuredmedia":[{"embeddable":true,"href":"https:\/\/zjarr.tv\/en\/wp-json\/wp\/v2\/media\/51594"}],"wp:attachment":[{"href":"https:\/\/zjarr.tv\/en\/wp-json\/wp\/v2\/media?parent=95416"}],"wp:term":[{"taxonomy":"category","embeddable":true,"href":"https:\/\/zjarr.tv\/en\/wp-json\/wp\/v2\/categories?post=95416"},{"taxonomy":"post_tag","embeddable":true,"href":"https:\/\/zjarr.tv\/en\/wp-json\/wp\/v2\/tags?post=95416"}],"curies":[{"name":"wp","href":"https:\/\/api.w.org\/{rel}","templated":true}]}}