{"id":95459,"date":"2019-07-10T18:11:35","date_gmt":"2019-07-10T16:11:35","guid":{"rendered":"https:\/\/zjarr.tv\/?p=95459"},"modified":"2019-07-10T18:11:35","modified_gmt":"2019-07-10T16:11:35","slug":"makina-e-ambasades-ruse-doli-nga-rruga-plagoset-punonjesi-i-selise-diplomatike","status":"publish","type":"post","link":"https:\/\/zjarr.tv\/en\/makina-e-ambasades-ruse-doli-nga-rruga-plagoset-punonjesi-i-selise-diplomatike\/","title":{"rendered":"Makina e ambasad\u00ebs ruse doli nga rruga, plagoset punonj\u00ebsi i selis\u00eb diplomatike"},"content":{"rendered":"<p>Jan\u00eb zbardhur detaje t\u00eb reja nga aksidenti i ndodhur pak minuta m\u00eb par\u00eb n\u00eb aksin rrugor Rrogozhin\u00eb-Kavaj\u00eb, ku si pasoj\u00eb e daljes nga rruga e nj\u00eb mjeti p\u00ebr shkak t\u00eb motit t\u00eb keq, kan\u00eb mbetur t\u00eb plagosur r\u00ebnd\u00eb dy personave.<\/p>\n<p>Sipas t\u00eb dh\u00ebnave m\u00eb t\u00eb fundit, dyshohet se nj\u00eb nga personat e plagosur nga ky aksident \u00ebsht\u00eb nj\u00eb punonj\u00ebs i ambasad\u00ebs ruse.<\/p>\n<p>Nd\u00ebrsa thuhet se edhe vet\u00eb mjeti i p\u00ebrket ambasad\u00ebs ruse.<\/p>","protected":false},"excerpt":{"rendered":"<p>Jan\u00eb zbardhur detaje t\u00eb reja nga aksidenti i ndodhur pak minuta m\u00eb par\u00eb n\u00eb aksin rrugor Rrogozhin\u00eb-Kavaj\u00eb, ku si pasoj\u00eb e daljes nga rruga e nj\u00eb mjeti p\u00ebr shkak t\u00eb motit t\u00eb keq, kan\u00eb mbetur t\u00eb plagosur r\u00ebnd\u00eb dy personave. Sipas t\u00eb dh\u00ebnave m\u00eb t\u00eb fundit, dyshohet se nj\u00eb nga personat e plagosur nga ky [&hellip;]<\/p>\n","protected":false},"author":2013,"featured_media":38161,"comment_status":"open","ping_status":"closed","sticky":false,"template":"","format":"standard","meta":{"footnotes":""},"categories":[241,235],"tags":[],"class_list":{"0":"post-95459","1":"post","2":"type-post","3":"status-publish","4":"format-standard","5":"has-post-thumbnail","7":"category-aktualitet","8":"category-vendi"},"_links":{"self":[{"href":"https:\/\/zjarr.tv\/en\/wp-json\/wp\/v2\/posts\/95459","targetHints":{"allow":["GET"]}}],"collection":[{"href":"https:\/\/zjarr.tv\/en\/wp-json\/wp\/v2\/posts"}],"about":[{"href":"https:\/\/zjarr.tv\/en\/wp-json\/wp\/v2\/types\/post"}],"author":[{"embeddable":true,"href":"https:\/\/zjarr.tv\/en\/wp-json\/wp\/v2\/users\/2013"}],"replies":[{"embeddable":true,"href":"https:\/\/zjarr.tv\/en\/wp-json\/wp\/v2\/comments?post=95459"}],"version-history":[{"count":0,"href":"https:\/\/zjarr.tv\/en\/wp-json\/wp\/v2\/posts\/95459\/revisions"}],"wp:featuredmedia":[{"embeddable":true,"href":"https:\/\/zjarr.tv\/en\/wp-json\/wp\/v2\/media\/38161"}],"wp:attachment":[{"href":"https:\/\/zjarr.tv\/en\/wp-json\/wp\/v2\/media?parent=95459"}],"wp:term":[{"taxonomy":"category","embeddable":true,"href":"https:\/\/zjarr.tv\/en\/wp-json\/wp\/v2\/categories?post=95459"},{"taxonomy":"post_tag","embeddable":true,"href":"https:\/\/zjarr.tv\/en\/wp-json\/wp\/v2\/tags?post=95459"}],"curies":[{"name":"wp","href":"https:\/\/api.w.org\/{rel}","templated":true}]}}