{"id":95468,"date":"2019-07-10T18:22:31","date_gmt":"2019-07-10T16:22:31","guid":{"rendered":"https:\/\/zjarr.tv\/?p=95468"},"modified":"2019-07-10T18:22:31","modified_gmt":"2019-07-10T16:22:31","slug":"tirana-gjen-sulmues-te-luftetari-firmos-dhe-nje-mbrojtes","status":"publish","type":"post","link":"https:\/\/zjarr.tv\/en\/tirana-gjen-sulmues-te-luftetari-firmos-dhe-nje-mbrojtes\/","title":{"rendered":"Tirana gjen sulmues te Luft\u00ebtari, firmos dhe nj\u00eb mbrojt\u00ebs"},"content":{"rendered":"<p>Tirana nuk njeh limite n\u00eb k\u00ebt\u00eb merkato vere. Pasi afroi Torassa, Kale dhe Batha, kryeqytetasit kan\u00eb zyrtarizuar edhe dy prurjet m\u00eb t\u00eb reja.<\/p>\n<p>B\u00ebhet fjal\u00eb p\u00ebr Ismael Dunga dhe Kostandin Kariqi, t\u00eb cil\u00ebt kan\u00eb firmosur p\u00ebr 2 vite me bardheblut\u00eb. Dunga ka p\u00ebrfunduar kontrat\u00ebn me klubin e Luft\u00ebtarit dhe ka zyrtarizuar sot marr\u00ebveshjen me bardheblut\u00eb. Futbollisti nga Kenia, autori i 10 golave n\u00eb sezonin e fundit me Luf\u00ebetarin, vjen si nj\u00eb p\u00ebrforcim me vlera p\u00ebr sulmin e Tiran\u00ebs.<\/p>\n<p>Nd\u00ebrkoh\u00eb Kariqi vjen nga kampionati grek ku sezonin e fundit \u00ebsht\u00eb aktivizuar me skuadr\u00ebn e Volosit. M\u00eb par\u00eb ai ka q\u00ebn\u00eb pjes\u00eb e Komb\u00ebtares U-21 t\u00eb Shqip\u00ebris\u00eb. Nj\u00eb p\u00ebrforcim me vlera p\u00ebr repartin difensiv ku Kariqi luan n\u00eb disa pozicione.<\/p>\n<p><a href=\"https:\/\/zjarr.tv\/wp-content\/uploads\/2019\/07\/ismael-dunga.jpg\"><img loading=\"lazy\" decoding=\"async\" class=\"alignnone size-medium wp-image-95471\" src=\"https:\/\/zjarr.tv\/wp-content\/uploads\/2019\/07\/ismael-dunga-300x242.jpg\" alt=\"\" width=\"300\" height=\"242\" srcset=\"https:\/\/zjarr.tv\/wp-content\/uploads\/2019\/07\/ismael-dunga-300x242.jpg 300w, https:\/\/zjarr.tv\/wp-content\/uploads\/2019\/07\/ismael-dunga-768x619.jpg 768w, https:\/\/zjarr.tv\/wp-content\/uploads\/2019\/07\/ismael-dunga-696x561.jpg 696w, https:\/\/zjarr.tv\/wp-content\/uploads\/2019\/07\/ismael-dunga-521x420.jpg 521w, https:\/\/zjarr.tv\/wp-content\/uploads\/2019\/07\/ismael-dunga.jpg 952w\" sizes=\"auto, (max-width: 300px) 100vw, 300px\" \/><\/a><\/p>","protected":false},"excerpt":{"rendered":"<p>Tirana nuk njeh limite n\u00eb k\u00ebt\u00eb merkato vere. Pasi afroi Torassa, Kale dhe Batha, kryeqytetasit kan\u00eb zyrtarizuar edhe dy prurjet m\u00eb t\u00eb reja. B\u00ebhet fjal\u00eb p\u00ebr Ismael Dunga dhe Kostandin Kariqi, t\u00eb cil\u00ebt kan\u00eb firmosur p\u00ebr 2 vite me bardheblut\u00eb. Dunga ka p\u00ebrfunduar kontrat\u00ebn me klubin e Luft\u00ebtarit dhe ka zyrtarizuar sot marr\u00ebveshjen me bardheblut\u00eb. [&hellip;]<\/p>\n","protected":false},"author":2013,"featured_media":95469,"comment_status":"open","ping_status":"closed","sticky":false,"template":"","format":"standard","meta":{"footnotes":""},"categories":[241,192],"tags":[],"class_list":{"0":"post-95468","1":"post","2":"type-post","3":"status-publish","4":"format-standard","5":"has-post-thumbnail","7":"category-aktualitet","8":"category-sport"},"_links":{"self":[{"href":"https:\/\/zjarr.tv\/en\/wp-json\/wp\/v2\/posts\/95468","targetHints":{"allow":["GET"]}}],"collection":[{"href":"https:\/\/zjarr.tv\/en\/wp-json\/wp\/v2\/posts"}],"about":[{"href":"https:\/\/zjarr.tv\/en\/wp-json\/wp\/v2\/types\/post"}],"author":[{"embeddable":true,"href":"https:\/\/zjarr.tv\/en\/wp-json\/wp\/v2\/users\/2013"}],"replies":[{"embeddable":true,"href":"https:\/\/zjarr.tv\/en\/wp-json\/wp\/v2\/comments?post=95468"}],"version-history":[{"count":0,"href":"https:\/\/zjarr.tv\/en\/wp-json\/wp\/v2\/posts\/95468\/revisions"}],"wp:featuredmedia":[{"embeddable":true,"href":"https:\/\/zjarr.tv\/en\/wp-json\/wp\/v2\/media\/95469"}],"wp:attachment":[{"href":"https:\/\/zjarr.tv\/en\/wp-json\/wp\/v2\/media?parent=95468"}],"wp:term":[{"taxonomy":"category","embeddable":true,"href":"https:\/\/zjarr.tv\/en\/wp-json\/wp\/v2\/categories?post=95468"},{"taxonomy":"post_tag","embeddable":true,"href":"https:\/\/zjarr.tv\/en\/wp-json\/wp\/v2\/tags?post=95468"}],"curies":[{"name":"wp","href":"https:\/\/api.w.org\/{rel}","templated":true}]}}