{"id":95473,"date":"2019-07-10T18:24:54","date_gmt":"2019-07-10T16:24:54","guid":{"rendered":"https:\/\/zjarr.tv\/?p=95473"},"modified":"2019-07-10T18:24:54","modified_gmt":"2019-07-10T16:24:54","slug":"pamje-e-deshmi-rreqethese-greqia-ne-flakedigjen-disa-shtepi","status":"publish","type":"post","link":"https:\/\/zjarr.tv\/en\/pamje-e-deshmi-rreqethese-greqia-ne-flakedigjen-disa-shtepi\/","title":{"rendered":"Pamje e d\u00ebshmi rr\u00ebqeth\u00ebse, Greqia n\u00eb flak\u00eb,digjen disa sht\u00ebpi"},"content":{"rendered":"<p>Greqia ndodhet n\u00eb nj\u00eb situat\u00eb t\u00eb tmerrshme, teksa flak\u00ebt e zjarrit po p\u00ebrhapen me shpejt\u00ebsi, duke djegur sht\u00ebpi.<\/p>\n<p>Mediet fqinje raportojn\u00eb se n\u00eb fshatin Davri jan\u00eb shkrumbuar nga flak\u00ebt dy sht\u00ebpi\u00ebt e para, nd\u00ebrsa i gjith\u00eb fshati \u00ebsht\u00eb evakuuar. Zjarri ka shp\u00ebrthyer fillimisht n\u00eb rrug\u00ebn Lamia Domokou, m\u00eb pas pran\u00eb manastirit t\u00eb Agia Anna, nd\u00ebrsa nj\u00eb vat\u00ebr e tret\u00eb n\u00eb Domokos Mines.<\/p>\n<p>Sipas d\u00ebshmive t\u00eb banor\u00ebve, flak\u00ebt kan\u00eb kaluar n\u00ebp\u00ebr oborret e sht\u00ebpive t\u00eb pjes\u00ebs veriore t\u00eb fshatit dhe fatmir\u00ebsisht zjarri \u00ebsht\u00eb larguar p\u00ebr n\u00eb mal.<\/p>\n<p>Aktualisht forcat tok\u00ebsore dhe ajrore jan\u00eb duke luftuar me flak\u00eb p\u00ebr t\u00eb parandaluar djegien e fshatit, nd\u00ebrsa forcat zjarrfik\u00ebse jan\u00eb mobilizuar p\u00ebr v\u00ebnien n\u00eb kontroll t\u00eb flak\u00ebve.<\/p>\n<p>&nbsp;<\/p>","protected":false},"excerpt":{"rendered":"<p>Greqia ndodhet n\u00eb nj\u00eb situat\u00eb t\u00eb tmerrshme, teksa flak\u00ebt e zjarrit po p\u00ebrhapen me shpejt\u00ebsi, duke djegur sht\u00ebpi. Mediet fqinje raportojn\u00eb se n\u00eb fshatin Davri jan\u00eb shkrumbuar nga flak\u00ebt dy sht\u00ebpi\u00ebt e para, nd\u00ebrsa i gjith\u00eb fshati \u00ebsht\u00eb evakuuar. Zjarri ka shp\u00ebrthyer fillimisht n\u00eb rrug\u00ebn Lamia Domokou, m\u00eb pas pran\u00eb manastirit t\u00eb Agia Anna, nd\u00ebrsa [&hellip;]<\/p>\n","protected":false},"author":2013,"featured_media":95474,"comment_status":"open","ping_status":"closed","sticky":false,"template":"","format":"standard","meta":{"footnotes":""},"categories":[241,2],"tags":[],"class_list":{"0":"post-95473","1":"post","2":"type-post","3":"status-publish","4":"format-standard","5":"has-post-thumbnail","7":"category-aktualitet","8":"category-rajoni"},"_links":{"self":[{"href":"https:\/\/zjarr.tv\/en\/wp-json\/wp\/v2\/posts\/95473","targetHints":{"allow":["GET"]}}],"collection":[{"href":"https:\/\/zjarr.tv\/en\/wp-json\/wp\/v2\/posts"}],"about":[{"href":"https:\/\/zjarr.tv\/en\/wp-json\/wp\/v2\/types\/post"}],"author":[{"embeddable":true,"href":"https:\/\/zjarr.tv\/en\/wp-json\/wp\/v2\/users\/2013"}],"replies":[{"embeddable":true,"href":"https:\/\/zjarr.tv\/en\/wp-json\/wp\/v2\/comments?post=95473"}],"version-history":[{"count":0,"href":"https:\/\/zjarr.tv\/en\/wp-json\/wp\/v2\/posts\/95473\/revisions"}],"wp:featuredmedia":[{"embeddable":true,"href":"https:\/\/zjarr.tv\/en\/wp-json\/wp\/v2\/media\/95474"}],"wp:attachment":[{"href":"https:\/\/zjarr.tv\/en\/wp-json\/wp\/v2\/media?parent=95473"}],"wp:term":[{"taxonomy":"category","embeddable":true,"href":"https:\/\/zjarr.tv\/en\/wp-json\/wp\/v2\/categories?post=95473"},{"taxonomy":"post_tag","embeddable":true,"href":"https:\/\/zjarr.tv\/en\/wp-json\/wp\/v2\/tags?post=95473"}],"curies":[{"name":"wp","href":"https:\/\/api.w.org\/{rel}","templated":true}]}}