{"id":95510,"date":"2019-07-11T13:40:37","date_gmt":"2019-07-11T11:40:37","guid":{"rendered":"https:\/\/zjarr.tv\/?p=95510"},"modified":"2019-07-11T13:40:37","modified_gmt":"2019-07-11T11:40:37","slug":"24-vjet-nga-masakra-e-srebenices-haradinaj-sot-kosova-eshte-me-popullin-e-bosnjes","status":"publish","type":"post","link":"https:\/\/zjarr.tv\/en\/24-vjet-nga-masakra-e-srebenices-haradinaj-sot-kosova-eshte-me-popullin-e-bosnjes\/","title":{"rendered":"24 vjet nga Masakra e Srebenic\u00ebs, Haradinaj: Sot Kosova \u00ebsht\u00eb me popullin e Bosnj\u00ebs!"},"content":{"rendered":"<p>Nga Ramush Haradinaj.<\/p>\n<p>N\u00eb 24 vjetorin e Masakr\u00ebs s\u00eb Srebrenic\u00ebs, nderojm\u00eb me respekt mij\u00ebra viktima civile, f\u00ebmij\u00eb, gra, t\u00eb moshuar, njer\u00ebz t\u00eb pafajsh\u00ebm dhe t\u00eb pambrojtur. Kjo masak\u00ebr, na e kujton nj\u00eb epok\u00eb t\u00eb err\u00ebt dhe nj\u00eb akt barbar t\u00eb nj\u00eb regjimi mizor.<\/p>\n<p>Masakra n\u00eb Srebrenic\u00eb dhe vrasjet tjera masive n\u00eb Ballkan nga regjimi i Millosheviqit dhe vart\u00ebsve t\u00eb tij, mbeten njolla t\u00eb pa shlyera n\u00eb nd\u00ebrgjegjen e njer\u00ebzimit, derisa nuk vendoset drejt\u00ebsia e munguar.<\/p>\n<p>Sot, Kosova \u00ebsht\u00eb me popullin e Bosnj\u00ebs, me familjet dhe dhimbjen e tyre!<\/p>\n<p>&nbsp;<\/p>","protected":false},"excerpt":{"rendered":"<p>Nga Ramush Haradinaj. N\u00eb 24 vjetorin e Masakr\u00ebs s\u00eb Srebrenic\u00ebs, nderojm\u00eb me respekt mij\u00ebra viktima civile, f\u00ebmij\u00eb, gra, t\u00eb moshuar, njer\u00ebz t\u00eb pafajsh\u00ebm dhe t\u00eb pambrojtur. Kjo masak\u00ebr, na e kujton nj\u00eb epok\u00eb t\u00eb err\u00ebt dhe nj\u00eb akt barbar t\u00eb nj\u00eb regjimi mizor. Masakra n\u00eb Srebrenic\u00eb dhe vrasjet tjera masive n\u00eb Ballkan nga regjimi i [&hellip;]<\/p>\n","protected":false},"author":2013,"featured_media":95511,"comment_status":"open","ping_status":"closed","sticky":false,"template":"","format":"standard","meta":{"footnotes":""},"categories":[241,2],"tags":[],"class_list":{"0":"post-95510","1":"post","2":"type-post","3":"status-publish","4":"format-standard","5":"has-post-thumbnail","7":"category-aktualitet","8":"category-rajoni"},"_links":{"self":[{"href":"https:\/\/zjarr.tv\/en\/wp-json\/wp\/v2\/posts\/95510","targetHints":{"allow":["GET"]}}],"collection":[{"href":"https:\/\/zjarr.tv\/en\/wp-json\/wp\/v2\/posts"}],"about":[{"href":"https:\/\/zjarr.tv\/en\/wp-json\/wp\/v2\/types\/post"}],"author":[{"embeddable":true,"href":"https:\/\/zjarr.tv\/en\/wp-json\/wp\/v2\/users\/2013"}],"replies":[{"embeddable":true,"href":"https:\/\/zjarr.tv\/en\/wp-json\/wp\/v2\/comments?post=95510"}],"version-history":[{"count":0,"href":"https:\/\/zjarr.tv\/en\/wp-json\/wp\/v2\/posts\/95510\/revisions"}],"wp:featuredmedia":[{"embeddable":true,"href":"https:\/\/zjarr.tv\/en\/wp-json\/wp\/v2\/media\/95511"}],"wp:attachment":[{"href":"https:\/\/zjarr.tv\/en\/wp-json\/wp\/v2\/media?parent=95510"}],"wp:term":[{"taxonomy":"category","embeddable":true,"href":"https:\/\/zjarr.tv\/en\/wp-json\/wp\/v2\/categories?post=95510"},{"taxonomy":"post_tag","embeddable":true,"href":"https:\/\/zjarr.tv\/en\/wp-json\/wp\/v2\/tags?post=95510"}],"curies":[{"name":"wp","href":"https:\/\/api.w.org\/{rel}","templated":true}]}}