{"id":95523,"date":"2019-07-11T13:49:36","date_gmt":"2019-07-11T11:49:36","guid":{"rendered":"https:\/\/zjarr.tv\/?p=95523"},"modified":"2019-07-11T13:49:36","modified_gmt":"2019-07-11T11:49:36","slug":"hetimi-per-shkarkimin-e-metes-braimllari-komisioni-hetimor-grup-i-strukturuar-kriminal","status":"publish","type":"post","link":"https:\/\/zjarr.tv\/en\/hetimi-per-shkarkimin-e-metes-braimllari-komisioni-hetimor-grup-i-strukturuar-kriminal\/","title":{"rendered":"Hetimi p\u00ebr shkarkimin e Met\u00ebs, Braimllari: Komisioni hetimor grup i strukturuar kriminal"},"content":{"rendered":"<p>Nga Endrit Braimllari\/<\/p>\n<p>Komisioni hetimor, grup i strukturuar kriminal. Ulsi Manja, kryetar komisioni i kapur n\u00eb p\u00ebrgjime zyrtare t\u00eb prokuroris\u00eb duke ofruar pozicion pune m\u00eb t\u00eb lart\u00eb shefit t\u00eb policis\u00eb pasi ky i kishte sh\u00ebrbyer n\u00eb fushat\u00ebn e Dibr\u00ebs.<\/p>\n<p>Ulsiu i thoshte: \u201cti je p\u00ebr m\u00eb nalt, me kap ndonje gj\u00eb t\u00eb madhe se na duhesh\u201d.<\/p>\n<p>P\u00ebr \u00e7\u2019fare i duhesh Ulsiut p\u00ebr t\u00eb ndar\u00eb parat\u00eb e trafiqeve?! Ulsiu sot duhet t\u00eb ishte n\u00ebn hetim pa imunitet dhe n\u00eb arrest n\u00ebse do kishim nj\u00eb Prokurori t\u00eb Pavarur dhe jo t\u00eb em\u00ebruar nga Ulsiu. Prandaj Ulsiu me 18 dhjetor, kur votohej n\u00eb kund\u00ebrshtim me Kushtetut\u00ebn p\u00ebr Prokurorin e P\u00ebrgjithshem ishte aq shume aktiv dhe e mbronte me zell t\u00eb madh.<\/p>\n<p>Mos u shqeteso Ulsi, dosja 184 do hetohet por jo nga shoqja jote por nga nj\u00eb drejt\u00ebsi e pavarur.<\/p>\n<p>&nbsp;<\/p>","protected":false},"excerpt":{"rendered":"<p>Nga Endrit Braimllari\/ Komisioni hetimor, grup i strukturuar kriminal. Ulsi Manja, kryetar komisioni i kapur n\u00eb p\u00ebrgjime zyrtare t\u00eb prokuroris\u00eb duke ofruar pozicion pune m\u00eb t\u00eb lart\u00eb shefit t\u00eb policis\u00eb pasi ky i kishte sh\u00ebrbyer n\u00eb fushat\u00ebn e Dibr\u00ebs. Ulsiu i thoshte: \u201cti je p\u00ebr m\u00eb nalt, me kap ndonje gj\u00eb t\u00eb madhe se na [&hellip;]<\/p>\n","protected":false},"author":2013,"featured_media":57698,"comment_status":"open","ping_status":"closed","sticky":false,"template":"","format":"standard","meta":{"footnotes":""},"categories":[241,235],"tags":[],"class_list":{"0":"post-95523","1":"post","2":"type-post","3":"status-publish","4":"format-standard","5":"has-post-thumbnail","7":"category-aktualitet","8":"category-vendi"},"_links":{"self":[{"href":"https:\/\/zjarr.tv\/en\/wp-json\/wp\/v2\/posts\/95523","targetHints":{"allow":["GET"]}}],"collection":[{"href":"https:\/\/zjarr.tv\/en\/wp-json\/wp\/v2\/posts"}],"about":[{"href":"https:\/\/zjarr.tv\/en\/wp-json\/wp\/v2\/types\/post"}],"author":[{"embeddable":true,"href":"https:\/\/zjarr.tv\/en\/wp-json\/wp\/v2\/users\/2013"}],"replies":[{"embeddable":true,"href":"https:\/\/zjarr.tv\/en\/wp-json\/wp\/v2\/comments?post=95523"}],"version-history":[{"count":0,"href":"https:\/\/zjarr.tv\/en\/wp-json\/wp\/v2\/posts\/95523\/revisions"}],"wp:featuredmedia":[{"embeddable":true,"href":"https:\/\/zjarr.tv\/en\/wp-json\/wp\/v2\/media\/57698"}],"wp:attachment":[{"href":"https:\/\/zjarr.tv\/en\/wp-json\/wp\/v2\/media?parent=95523"}],"wp:term":[{"taxonomy":"category","embeddable":true,"href":"https:\/\/zjarr.tv\/en\/wp-json\/wp\/v2\/categories?post=95523"},{"taxonomy":"post_tag","embeddable":true,"href":"https:\/\/zjarr.tv\/en\/wp-json\/wp\/v2\/tags?post=95523"}],"curies":[{"name":"wp","href":"https:\/\/api.w.org\/{rel}","templated":true}]}}