{"id":95527,"date":"2019-07-11T14:36:46","date_gmt":"2019-07-11T12:36:46","guid":{"rendered":"https:\/\/zjarr.tv\/?p=95527"},"modified":"2019-07-11T14:36:46","modified_gmt":"2019-07-11T12:36:46","slug":"ambasadorja-glover-takim-me-kreun-e-kqz-se","status":"publish","type":"post","link":"https:\/\/zjarr.tv\/en\/ambasadorja-glover-takim-me-kreun-e-kqz-se\/","title":{"rendered":"Ambasadorja Glover takim me kreun e KQZ-s\u00eb"},"content":{"rendered":"<p>P\u00ebrfaq\u00ebsuesja e misionit t\u00eb ODIHR, Audrey Glover, ka mb\u00ebrritur n\u00eb ambientet e Komisionit Qendror t\u00eb Zgjedhjeve (KQZ) p\u00ebr t\u00eb zhvilluar nj\u00eb takim me kreun e k\u00ebtij insitucioni, Klement Zgurin.<\/p>\n<p>M\u00ebsohet se Glover ka patur disa takime me drejtuesin e KQZ-s\u00eb p\u00ebrgjat\u00eb k\u00ebtyre dit\u00ebve. Shefja e misionit t\u00eb ODIHR ka zhvilluar takime edhe me p\u00ebrfaq\u00ebsues t\u00eb partive politike n\u00eb Shqip\u00ebri, p\u00ebrfshir\u00eb k\u00ebtu edhe krer\u00ebt e forcave kryesore t\u00eb opozit\u00ebs s\u00eb bashkuar joparlamentare, Lulzim Basha (PD) dhe Monika Kryemadhin (LSI).<\/p>\n<p>Glover pritet t\u00eb largohet dit\u00ebn e nes\u00ebrme nga Shqip\u00ebria, nd\u00ebrkoh\u00eb q\u00eb takimin e fundit ka zgjedhur ta zhvilloj\u00eb me Zgurin, i cili ka v\u00ebn\u00eb n\u00eb dukje disa shkelje gjat\u00eb procesit t\u00eb zgjedhjeve vendore t\u00eb 30 qershorit.<\/p>\n<p>Pas dy muajsh, ODHIR pritet t\u00eb publikoj\u00eb raportin p\u00ebrfundimtar p\u00ebr lokalet e 2019-s, n\u00eb t\u00eb cilat opozita nuk mori pjes\u00eb, pas vendimit p\u00ebr djegien e mandateve dhe protestave t\u00eb shumta q\u00eb prej 16 shkurtit t\u00eb k\u00ebtij viti, duke k\u00ebrkuar largimin e kryeministrit Edi Rama, krijimin e nj\u00eb qeverie tranzitore dhe mbajtjen e zgjedhjeve t\u00eb lira dhe t\u00eb ndershme.<\/p>\n<p>&nbsp;<\/p>","protected":false},"excerpt":{"rendered":"<p>P\u00ebrfaq\u00ebsuesja e misionit t\u00eb ODIHR, Audrey Glover, ka mb\u00ebrritur n\u00eb ambientet e Komisionit Qendror t\u00eb Zgjedhjeve (KQZ) p\u00ebr t\u00eb zhvilluar nj\u00eb takim me kreun e k\u00ebtij insitucioni, Klement Zgurin. M\u00ebsohet se Glover ka patur disa takime me drejtuesin e KQZ-s\u00eb p\u00ebrgjat\u00eb k\u00ebtyre dit\u00ebve. Shefja e misionit t\u00eb ODIHR ka zhvilluar takime edhe me p\u00ebrfaq\u00ebsues t\u00eb [&hellip;]<\/p>\n","protected":false},"author":2013,"featured_media":95528,"comment_status":"open","ping_status":"closed","sticky":false,"template":"","format":"standard","meta":{"footnotes":""},"categories":[241,235],"tags":[],"class_list":{"0":"post-95527","1":"post","2":"type-post","3":"status-publish","4":"format-standard","5":"has-post-thumbnail","7":"category-aktualitet","8":"category-vendi"},"_links":{"self":[{"href":"https:\/\/zjarr.tv\/en\/wp-json\/wp\/v2\/posts\/95527","targetHints":{"allow":["GET"]}}],"collection":[{"href":"https:\/\/zjarr.tv\/en\/wp-json\/wp\/v2\/posts"}],"about":[{"href":"https:\/\/zjarr.tv\/en\/wp-json\/wp\/v2\/types\/post"}],"author":[{"embeddable":true,"href":"https:\/\/zjarr.tv\/en\/wp-json\/wp\/v2\/users\/2013"}],"replies":[{"embeddable":true,"href":"https:\/\/zjarr.tv\/en\/wp-json\/wp\/v2\/comments?post=95527"}],"version-history":[{"count":0,"href":"https:\/\/zjarr.tv\/en\/wp-json\/wp\/v2\/posts\/95527\/revisions"}],"wp:featuredmedia":[{"embeddable":true,"href":"https:\/\/zjarr.tv\/en\/wp-json\/wp\/v2\/media\/95528"}],"wp:attachment":[{"href":"https:\/\/zjarr.tv\/en\/wp-json\/wp\/v2\/media?parent=95527"}],"wp:term":[{"taxonomy":"category","embeddable":true,"href":"https:\/\/zjarr.tv\/en\/wp-json\/wp\/v2\/categories?post=95527"},{"taxonomy":"post_tag","embeddable":true,"href":"https:\/\/zjarr.tv\/en\/wp-json\/wp\/v2\/tags?post=95527"}],"curies":[{"name":"wp","href":"https:\/\/api.w.org\/{rel}","templated":true}]}}