{"id":95530,"date":"2019-07-11T14:38:13","date_gmt":"2019-07-11T12:38:13","guid":{"rendered":"https:\/\/zjarr.tv\/?p=95530"},"modified":"2019-07-11T14:38:13","modified_gmt":"2019-07-11T12:38:13","slug":"meta-ilaci-qe-sheron-krizen-e-thelle-eshte-respektimi-i-votes-se-lire","status":"publish","type":"post","link":"https:\/\/zjarr.tv\/en\/meta-ilaci-qe-sheron-krizen-e-thelle-eshte-respektimi-i-votes-se-lire\/","title":{"rendered":"Meta: Ila\u00e7i q\u00eb sh\u00ebron kriz\u00ebn e thell\u00eb \u00ebsht\u00eb respektimi i vot\u00ebs s\u00eb lir\u00eb"},"content":{"rendered":"<p>Presidenti i Shqip\u00ebris\u00eb Ilir Meta priti sot dhe zhvilloi nj\u00eb takim t\u00eb p\u00ebrzem\u00ebrt me delegacionin e Komitetit Hebreo-Amerikan (American Jewish Committee) me qend\u00ebr n\u00eb Nju-Jork, t\u00eb kryesuar nga Drejtori i tij Ekzekutiv, David Harris.<\/p>\n<p>Meta e njohu delegacionin zyrtar t\u00eb AJC-s\u00eb me situat\u00ebn aktuale n\u00eb Shqip\u00ebri, kriz\u00ebn e r\u00ebnd\u00eb kushtetuese dhe institucionale q\u00eb ka p\u00ebrfshir\u00eb vendin, si dhe me propozimin e tij si President i Republik\u00ebs p\u00ebr zgjidhjen e saj n\u00ebp\u00ebrmjet zhvillimit t\u00eb tri pal\u00eb zgjedhjeve m\u00eb 13 tetor 2019: zgjedhjeve vendore, parlamentare dhe t\u00eb Presidentit nga populli.<\/p>\n<p>\u2018I vetmi ila\u00e7 q\u00eb sh\u00ebron vendin nga kjo kriz\u00eb e thell\u00eb p\u00ebrfaq\u00ebsimi dhe legjitimiteti \u00ebsht\u00eb vet\u00ebm respektimi i vot\u00ebs s\u00eb lir\u00eb dhe direkte t\u00eb t\u00eb gjith\u00eb qytetar\u00ebve shqiptar\u00eb, dhe pranimi i verdiktit t\u00eb tyre final nga t\u00eb gjithe ne\u2019, &#8211; u shpreh Kreu i Shtetit.Gjithashtu Presidenti Meta e siguroi zotin Harris dhe delegacionin q\u00eb e shoq\u00ebronte se miq\u00ebsia mes shqiptar\u00ebve dhe komunitetit hebreo-amerikan do t\u00eb vazhdoj\u00eb t\u00eb forcohet, dhe se bashk\u00ebpunimi ekonomik duhet t\u00eb intesifikohet m\u00eb tej.<\/p>\n<p>Nga ana e tij, zoti Harris theksoi se: \u2018Miq\u00ebsia tradicionale e Shqip\u00ebris\u00eb dhe e kombit hebre \u00ebsht\u00eb e skalitur n\u00eb kujtes\u00ebn ton\u00eb komb\u00ebtare jo vet\u00ebm p\u00ebr rolin fisnik t\u00eb shqiptar\u00ebve n\u00eb shp\u00ebtimin, mbrojtjen dhe strehimin e hebrenjve gjat\u00eb Luft\u00ebs s\u00eb Dyt\u00eb Bot\u00ebrore, por dhe p\u00ebr historit\u00eb tona t\u00eb ngjashme si dy popuj q\u00eb kan\u00eb vuajtur p\u00ebrgjat\u00eb shekujve t\u00eb ekzistenc\u00ebs s\u00eb tyre\u2019.<\/p>\n<p>\u2018Ne vijm\u00eb k\u00ebtu me ndjenj\u00ebn e mir\u00ebnjohjes s\u00eb p\u00ebrhershme p\u00ebr popullin shqiptar, dhe do t\u00eb jemi p\u00ebrjet\u00ebsisht s\u00eb bashku p\u00ebr t\u00eb p\u00ebrballuar sfidat edhe n\u00eb t\u00eb ardhmen. Jemi gjithashtu t\u00eb gatsh\u00ebm t\u00eb ofrojm\u00eb mb\u00ebshtjen ton\u00eb p\u00ebr t\u00eb rritur rolin e diaspor\u00ebs shqiptare n\u00eb SHBA, me q\u00ebllim q\u00eb t\u00eb ndikojm\u00eb p\u00ebr \u00e7\u00ebshtjen shqiptare n\u00eb politik\u00ebn dhe administrat\u00ebn amerikane.\u2019 &#8211; u shpreh Drejtori Ekzekutiv i AJC-s\u00eb.<\/p>\n<p>&nbsp;<\/p>","protected":false},"excerpt":{"rendered":"<p>Presidenti i Shqip\u00ebris\u00eb Ilir Meta priti sot dhe zhvilloi nj\u00eb takim t\u00eb p\u00ebrzem\u00ebrt me delegacionin e Komitetit Hebreo-Amerikan (American Jewish Committee) me qend\u00ebr n\u00eb Nju-Jork, t\u00eb kryesuar nga Drejtori i tij Ekzekutiv, David Harris. Meta e njohu delegacionin zyrtar t\u00eb AJC-s\u00eb me situat\u00ebn aktuale n\u00eb Shqip\u00ebri, kriz\u00ebn e r\u00ebnd\u00eb kushtetuese dhe institucionale q\u00eb ka p\u00ebrfshir\u00eb [&hellip;]<\/p>\n","protected":false},"author":2013,"featured_media":95531,"comment_status":"open","ping_status":"closed","sticky":false,"template":"","format":"standard","meta":{"footnotes":""},"categories":[241,235],"tags":[],"class_list":{"0":"post-95530","1":"post","2":"type-post","3":"status-publish","4":"format-standard","5":"has-post-thumbnail","7":"category-aktualitet","8":"category-vendi"},"_links":{"self":[{"href":"https:\/\/zjarr.tv\/en\/wp-json\/wp\/v2\/posts\/95530","targetHints":{"allow":["GET"]}}],"collection":[{"href":"https:\/\/zjarr.tv\/en\/wp-json\/wp\/v2\/posts"}],"about":[{"href":"https:\/\/zjarr.tv\/en\/wp-json\/wp\/v2\/types\/post"}],"author":[{"embeddable":true,"href":"https:\/\/zjarr.tv\/en\/wp-json\/wp\/v2\/users\/2013"}],"replies":[{"embeddable":true,"href":"https:\/\/zjarr.tv\/en\/wp-json\/wp\/v2\/comments?post=95530"}],"version-history":[{"count":0,"href":"https:\/\/zjarr.tv\/en\/wp-json\/wp\/v2\/posts\/95530\/revisions"}],"wp:featuredmedia":[{"embeddable":true,"href":"https:\/\/zjarr.tv\/en\/wp-json\/wp\/v2\/media\/95531"}],"wp:attachment":[{"href":"https:\/\/zjarr.tv\/en\/wp-json\/wp\/v2\/media?parent=95530"}],"wp:term":[{"taxonomy":"category","embeddable":true,"href":"https:\/\/zjarr.tv\/en\/wp-json\/wp\/v2\/categories?post=95530"},{"taxonomy":"post_tag","embeddable":true,"href":"https:\/\/zjarr.tv\/en\/wp-json\/wp\/v2\/tags?post=95530"}],"curies":[{"name":"wp","href":"https:\/\/api.w.org\/{rel}","templated":true}]}}