{"id":95533,"date":"2019-07-11T14:39:44","date_gmt":"2019-07-11T12:39:44","guid":{"rendered":"https:\/\/zjarr.tv\/?p=95533"},"modified":"2019-07-11T14:39:44","modified_gmt":"2019-07-11T12:39:44","slug":"rama-rrit-cmimin-e-naftes-basha-do-e-ulim-me-30-leke-per-liter-energjine-do-e-ulim-me-20","status":"publish","type":"post","link":"https:\/\/zjarr.tv\/en\/rama-rrit-cmimin-e-naftes-basha-do-e-ulim-me-30-leke-per-liter-energjine-do-e-ulim-me-20\/","title":{"rendered":"Rama rrit \u00e7mimin e naft\u00ebs, Basha: Do e ulim me 30 lek\u00eb p\u00ebr lit\u00ebr, energjin\u00eb do e ulim me 20%"},"content":{"rendered":"<p>Kryetari i Partis\u00eb Demokratike, Lulzim Basha, \u00ebsht\u00eb takuar sot n\u00eb Selenic\u00eb me strukturat partiake n\u00eb k\u00ebt\u00eb bashki, e cila drejtohet nga P\u00ebrparim Shameti.<\/p>\n<p>Duke e konsideruar t\u00eb pavlefsh\u00ebm, antikushtetues dhe antiligjor fars\u00ebn e 30 Qershorit, kreu i opozit\u00ebs tha se: &#8216;Kryetari legjitim i Bashkis\u00eb s\u00eb Selenic\u00ebs \u00ebsht\u00eb P\u00ebrparim Shameti dhe ai do t\u00eb jet\u00eb n\u00eb k\u00ebt\u00eb pozicion derisa n\u00eb vend t\u00eb mbahen zgjedhje t\u00eb rregullta e demokratike, n\u00eb t\u00eb cilat ai do t\u00eb rikonfirmohet si kryebashkiak i Selenic\u00ebs&#8217;.<\/p>\n<p>Kreu i opozit\u00ebs tha se demokrat\u00ebt duhet t\u2019i sh\u00ebrbejn\u00eb mesazhit m\u00eb t\u00eb madh q\u00eb dha 30 Qershori: 85 perqind e shqiptar\u00ebve refuzojn\u00eb regjimin e Edi Ram\u00ebs dhe duan ndryshimin. \u201cAta duan jo thjesht t\u00eb ik\u00eb nj\u00eb parti dhe t\u00eb vij\u00eb nj\u00eb tjet\u00ebr, por duan ndryshimin e v\u00ebrtet\u00eb, q\u00eb i jep fund tranzicionit 30 vje\u00e7ar\u201d- tha kreu i opozit\u00ebs.<\/p>\n<p>\u201cNe nuk jemi n\u00eb betej\u00eb p\u00ebr karriget tona, \u2013 shtoi Basha, \u2013 por p\u00ebr t\u00eb mbrojtur interesin publik, p\u00ebr ndryshimin rr\u00ebnj\u00ebsor t\u00eb sistemit, q\u00eb e keqja q\u00eb solli Edi Rama, t\u00eb mos p\u00ebrs\u00ebritet m\u00eb kurr\u00eb\u201d<\/p>\n<p>N\u00eb Selenic\u00eb, lideri i opozit\u00ebs vuri n\u00eb dukje r\u00ebnd\u00ebsin\u00eb jetike p\u00ebr t\u00eb qen\u00eb pran\u00eb qytetar\u00ebve n\u00eb \u00e7do koh\u00eb, n\u00eb m\u00ebnyr\u00eb q\u00eb Partia Demokratike t\u00eb fitoj\u00eb besimin e sa m\u00eb shum\u00eb votuesve q\u00eb refuzuan regjimin e Edi Ram\u00ebs n\u00eb 30 Qershor.<\/p>\n<p>Zoti Basha theksoi se fokusi kryesor duhet t\u00eb jet\u00eb tek biznesi i vog\u00ebl p\u00ebr t\u2019i shpjeguar atij ndryshimin q\u00eb vjen me qeverisjen e vendit nga PD p\u00ebr ringritjen e tyre p\u00ebrmes uljes s\u00eb taksave dhe sjelljes s\u00eb administrat\u00ebs tatimore.<\/p>\n<p>Basha solli n\u00eb v\u00ebmendje propozimet kryesore konkrete t\u00eb paket\u00ebs s\u00eb PD p\u00ebr biznesin e vog\u00ebl.<\/p>\n<ul>\n<li>\u201cKlasifikim si biznes i vog\u00ebl p\u00ebr xhiro n\u00ebn 140 milion\u00eb lek t\u00eb vjetra n\u00eb vit,<\/li>\n<li>0.5% taks\u00eb e xhiros vjetore si e vetmja taks\u00eb p\u00ebr biznesin e vog\u00ebl<\/li>\n<li>Ulje e \u00e7mimin t\u00eb naft\u00ebs me 300 lek\u00eb p\u00ebr lit\u00ebr,<\/li>\n<li>Ulje deri n\u00eb 20% e \u00e7mimit t\u00eb energjis\u00eb\u201d.<\/li>\n<\/ul>\n<p>&nbsp;<\/p>","protected":false},"excerpt":{"rendered":"<p>Kryetari i Partis\u00eb Demokratike, Lulzim Basha, \u00ebsht\u00eb takuar sot n\u00eb Selenic\u00eb me strukturat partiake n\u00eb k\u00ebt\u00eb bashki, e cila drejtohet nga P\u00ebrparim Shameti. Duke e konsideruar t\u00eb pavlefsh\u00ebm, antikushtetues dhe antiligjor fars\u00ebn e 30 Qershorit, kreu i opozit\u00ebs tha se: &#8216;Kryetari legjitim i Bashkis\u00eb s\u00eb Selenic\u00ebs \u00ebsht\u00eb P\u00ebrparim Shameti dhe ai do t\u00eb jet\u00eb n\u00eb [&hellip;]<\/p>\n","protected":false},"author":2013,"featured_media":95534,"comment_status":"open","ping_status":"closed","sticky":false,"template":"","format":"standard","meta":{"footnotes":""},"categories":[241,235],"tags":[],"class_list":{"0":"post-95533","1":"post","2":"type-post","3":"status-publish","4":"format-standard","5":"has-post-thumbnail","7":"category-aktualitet","8":"category-vendi"},"_links":{"self":[{"href":"https:\/\/zjarr.tv\/en\/wp-json\/wp\/v2\/posts\/95533","targetHints":{"allow":["GET"]}}],"collection":[{"href":"https:\/\/zjarr.tv\/en\/wp-json\/wp\/v2\/posts"}],"about":[{"href":"https:\/\/zjarr.tv\/en\/wp-json\/wp\/v2\/types\/post"}],"author":[{"embeddable":true,"href":"https:\/\/zjarr.tv\/en\/wp-json\/wp\/v2\/users\/2013"}],"replies":[{"embeddable":true,"href":"https:\/\/zjarr.tv\/en\/wp-json\/wp\/v2\/comments?post=95533"}],"version-history":[{"count":0,"href":"https:\/\/zjarr.tv\/en\/wp-json\/wp\/v2\/posts\/95533\/revisions"}],"wp:featuredmedia":[{"embeddable":true,"href":"https:\/\/zjarr.tv\/en\/wp-json\/wp\/v2\/media\/95534"}],"wp:attachment":[{"href":"https:\/\/zjarr.tv\/en\/wp-json\/wp\/v2\/media?parent=95533"}],"wp:term":[{"taxonomy":"category","embeddable":true,"href":"https:\/\/zjarr.tv\/en\/wp-json\/wp\/v2\/categories?post=95533"},{"taxonomy":"post_tag","embeddable":true,"href":"https:\/\/zjarr.tv\/en\/wp-json\/wp\/v2\/tags?post=95533"}],"curies":[{"name":"wp","href":"https:\/\/api.w.org\/{rel}","templated":true}]}}