{"id":95536,"date":"2019-07-11T14:40:42","date_gmt":"2019-07-11T12:40:42","guid":{"rendered":"https:\/\/zjarr.tv\/?p=95536"},"modified":"2019-07-11T14:40:42","modified_gmt":"2019-07-11T12:40:42","slug":"shoqata-e-gjyqtareve-padit-keshillin-e-ministrave-jo-anulim-te-pasaportave-diplomatike","status":"publish","type":"post","link":"https:\/\/zjarr.tv\/en\/shoqata-e-gjyqtareve-padit-keshillin-e-ministrave-jo-anulim-te-pasaportave-diplomatike\/","title":{"rendered":"Shoqata e Gjyqtar\u00ebve padit K\u00ebshillin e Ministrave: Jo anulim t\u00eb pasaportave diplomatike"},"content":{"rendered":"<p>Shoqata Komb\u00ebtare e Gjyqtar\u00ebve t\u00eb Republik\u00ebs s\u00eb Shqip\u00ebris\u00eb\u00a0ka dor\u00ebzuar t\u00eb enjten, n\u00eb Gjykat\u00ebn Administrative t\u00eb Apelit nj\u00eb padi kund\u00ebr\u00a0anulimit t\u00eb pasaportave diplomatike.<\/p>\n<p>N\u00eb padi Shoqata k\u00ebrkon anulimin e vendimit t\u00eb K\u00ebshillit t\u00eb Ministrave. Sipas gjyqtar\u00ebve, pasaporta e sh\u00ebrbimit\u00a0nuk mund t\u00eb hiqet sepse garantohet nga Kushtetuta p\u00ebr gjyqtar\u00ebt.<\/p>\n<p>N\u00eb njoftim, Shoqata sqaron se: &#8220;Sot, me dat\u00eb 11.07.2019, dor\u00ebzuam n\u00eb Gjykat\u00ebn Administrative t\u00eb Apelit padin\u00eb kund\u00ebr K\u00ebshillit t\u00eb Ministrave, me objekt shfuqizimin e Vendimit nr. 389\/2019, p\u00ebr pjes\u00ebn q\u00eb anulon pasaportat e sh\u00ebrbimit t\u00eb gjyqtar\u00ebve t\u00eb shkall\u00ebs s\u00eb par\u00eb dhe t\u00eb apelit dhe p\u00ebr pjes\u00ebn q\u00eb heq t\u00eb drejt\u00ebn e tyre t\u00eb pajisen me pasaporta sh\u00ebrbimi.<\/p>\n<p>D\u00ebshirojme t\u00eb sjell n\u00eb v\u00ebmendje nj\u00eb pjes\u00eb nga Vendimi nr. 40\/2014 t\u00eb Gjykat\u00ebs Kushtetuese mbi interpretimin e nenit 138 t\u00eb Kushtetut\u00ebs: \u201cPaprekshm\u00ebria e pag\u00ebs dhe e p\u00ebrfitimeve t\u00eb tjera jan\u00eb mgeitur n\u00eb nivel kushtetues, me q\u00ebllim q\u00eb t\u00eb drejtat\/p\u00ebrfitimet, t\u00eb cilat burojn\u00eb nga ushtrimi i funksionit t\u00eb gjyqtarit, t\u00eb mos ndryshohen me efekt negativ.<\/p>\n<p>Formulimi i togfjal\u00ebshit \u201cp\u00ebrfitime t\u00eb tjera \u00ebsht\u00eb i nj\u00eb natyre t\u00eb p\u00ebrgjithshme dhe nuk konkretizon n\u00eb m\u00ebnyr\u00eb shteruese rrethin e p\u00ebrfitimeve t\u00eb gjyqtar\u00ebve. Kushretutb\u00ebr\u00ebsi, jo pa q\u00ebllim e ka l\u00ebn\u00eb t\u00eb hapur kuptimin q\u00eb i duhet dh\u00ebn\u00eb rrethit t\u00eb p\u00ebrfitimeve, pasi ka syniar t\u00eb p\u00ebrfshij\u00eb n\u00eb t\u00ebr\u00ebsin\u00eb e t\u00eb drejtave q\u00eb gjyqtar\u00ebt i g\u00ebzojn\u00eb n\u00eb funksion t\u00eb ushtrimit t\u00eb detyr\u00ebs s\u00eb tyre&#8221;.<\/p>\n<p>&nbsp;<\/p>","protected":false},"excerpt":{"rendered":"<p>Shoqata Komb\u00ebtare e Gjyqtar\u00ebve t\u00eb Republik\u00ebs s\u00eb Shqip\u00ebris\u00eb\u00a0ka dor\u00ebzuar t\u00eb enjten, n\u00eb Gjykat\u00ebn Administrative t\u00eb Apelit nj\u00eb padi kund\u00ebr\u00a0anulimit t\u00eb pasaportave diplomatike. N\u00eb padi Shoqata k\u00ebrkon anulimin e vendimit t\u00eb K\u00ebshillit t\u00eb Ministrave. Sipas gjyqtar\u00ebve, pasaporta e sh\u00ebrbimit\u00a0nuk mund t\u00eb hiqet sepse garantohet nga Kushtetuta p\u00ebr gjyqtar\u00ebt. N\u00eb njoftim, Shoqata sqaron se: &#8220;Sot, me dat\u00eb [&hellip;]<\/p>\n","protected":false},"author":2013,"featured_media":95537,"comment_status":"open","ping_status":"closed","sticky":false,"template":"","format":"standard","meta":{"footnotes":""},"categories":[241,235],"tags":[],"class_list":{"0":"post-95536","1":"post","2":"type-post","3":"status-publish","4":"format-standard","5":"has-post-thumbnail","7":"category-aktualitet","8":"category-vendi"},"_links":{"self":[{"href":"https:\/\/zjarr.tv\/en\/wp-json\/wp\/v2\/posts\/95536","targetHints":{"allow":["GET"]}}],"collection":[{"href":"https:\/\/zjarr.tv\/en\/wp-json\/wp\/v2\/posts"}],"about":[{"href":"https:\/\/zjarr.tv\/en\/wp-json\/wp\/v2\/types\/post"}],"author":[{"embeddable":true,"href":"https:\/\/zjarr.tv\/en\/wp-json\/wp\/v2\/users\/2013"}],"replies":[{"embeddable":true,"href":"https:\/\/zjarr.tv\/en\/wp-json\/wp\/v2\/comments?post=95536"}],"version-history":[{"count":0,"href":"https:\/\/zjarr.tv\/en\/wp-json\/wp\/v2\/posts\/95536\/revisions"}],"wp:featuredmedia":[{"embeddable":true,"href":"https:\/\/zjarr.tv\/en\/wp-json\/wp\/v2\/media\/95537"}],"wp:attachment":[{"href":"https:\/\/zjarr.tv\/en\/wp-json\/wp\/v2\/media?parent=95536"}],"wp:term":[{"taxonomy":"category","embeddable":true,"href":"https:\/\/zjarr.tv\/en\/wp-json\/wp\/v2\/categories?post=95536"},{"taxonomy":"post_tag","embeddable":true,"href":"https:\/\/zjarr.tv\/en\/wp-json\/wp\/v2\/tags?post=95536"}],"curies":[{"name":"wp","href":"https:\/\/api.w.org\/{rel}","templated":true}]}}