{"id":95544,"date":"2019-07-11T14:44:23","date_gmt":"2019-07-11T12:44:23","guid":{"rendered":"https:\/\/zjarr.tv\/?p=95544"},"modified":"2019-07-11T14:44:23","modified_gmt":"2019-07-11T12:44:23","slug":"do-ta-paguajme-taksen-e-re-te-naftes-sepse-nuk-ka-kushtetuese-ta-pengoje","status":"publish","type":"post","link":"https:\/\/zjarr.tv\/en\/do-ta-paguajme-taksen-e-re-te-naftes-sepse-nuk-ka-kushtetuese-ta-pengoje\/","title":{"rendered":"Do ta paguajm\u00eb taks\u00ebn e re t\u00eb naft\u00ebs, sepse nuk ka Kushtetuese ta pengoj\u00eb!"},"content":{"rendered":"<p>Ish-deputeti i LSI, P\u00ebrparim Spahiu, \u00ebsht\u00eb deklaruar sot lidhur me taks\u00ebn-tarif\u00eb t\u00eb re q\u00eb qeveria Rama do t\u00eb ver\u00eb mbi naft\u00ebn. Spahiu tha se &#8220;Qeveria i thot\u00eb taks\u00ebs &#8220;tarif\u00eb&#8221;, sepse nuk ka Gjykat\u00eb Kushtetuese q\u00eb ta pengoj\u00eb at\u00eb, ndaj qytetar\u00ebve u ka mbetur vet\u00ebm nj\u00eb gj\u00eb, ta paguajn\u00eb at\u00eb si nj\u00eb\u00a0grabitje t\u00eb re \u00e7do dit\u00eb nga xhepat e tyre.&#8221;<\/p>\n<p>&#8220;Paaft\u00ebsia p\u00ebr t\u00eb ulur evazionin fiskal, pamund\u00ebsia e bizneseve p\u00ebr t\u00eb paguar tatimet dhe taksat, administrata e korruptuar tatimore, b\u00ebn\u00eb q\u00eb qeveria t\u00eb propozoj\u00eb nj\u00eb rritje t\u00eb re takse mbi naft\u00ebn, v\u00ebrejti Spahiu. &#8211;\u00a0 Edhe pse qeveria e quan tarif\u00eb, ajo \u00ebsht\u00eb nj\u00eb taks\u00eb direkte, pasi qytetar\u00ebve nuk i ofrohet asnj\u00eb sh\u00ebrbim shtes\u00eb duke anashkaluar Parlamentin, si organi i vet\u00ebm q\u00eb mund t\u00eb rris\u00eb apo t\u00eb ul\u00eb tatimet dhe taksat.Ashtu si ligjin p\u00ebr ndryshimin e tatimit mbi dividendin, projektligji i Ministris\u00eb s\u00eb Energjis\u00eb p\u00ebr rezerv\u00ebn e karburanteve do t\u00eb rr\u00ebzohet nga Gjykata Kushtetuese.Qeveria i thot\u00eb taks\u00ebs tarif\u00eb, sepse nuk ka Gjykat\u00eb Kushtetuese q\u00eb ta pengoj\u00eb at\u00eb. Ndaj qytetar\u00ebve u ka mbetur vet\u00ebm nj\u00eb gj\u00eb, ta paguajn\u00eb at\u00eb si nj\u00eb grabitje t\u00eb re \u00e7do dit\u00eb nga xhepat e tyre.<\/p>\n<p>Edhe pse Shqip\u00ebria \u00ebsht\u00eb vendi me \u00e7mimin m\u00eb t\u00eb lart\u00eb t\u00eb naft\u00ebs n\u00eb rajon, qeveria gjen rrug\u00ebn m\u00eb t\u00eb shkurt\u00ebr, at\u00eb t\u00eb taksimit direkt mbi naft\u00ebn p\u00ebr t\u00eb rritur t\u00eb ardhurat e munguara n\u00eb buxhet.<\/p>\n<p>Ne nuk presim q\u00eb qeveria t\u00eb reflektoj\u00eb p\u00ebr q\u00ebndrimin e opozit\u00ebs, por t\u00eb pakt\u00ebn t\u00eb merrte parasysh ndonj\u00eb nga rekomandimet e Fondit Nd\u00ebrkomb\u00ebtar Monetar, si dhe vler\u00ebsimet e Komisionit Europian, kur ky i fundit k\u00ebshillon direkt me mos rritje t\u00eb m\u00ebtejshme t\u00eb tatimeve dhe taksave. Gjithashtu n\u00eb analiz\u00ebn e tij Komisioni e v\u00eb theksin te niveli i lart\u00eb i Borxhit Publik, mbledhjen e taksave n\u00ebn potencial, nivelin e ul\u00ebt t\u00eb konkurrueshm\u00ebris\u00eb, papun\u00ebsin\u00eb e lart\u00eb te t\u00eb rinjt\u00eb, cil\u00ebsin\u00eb e ul\u00ebt t\u00eb edukimit dhe munges\u00ebn e vler\u00ebsimit t\u00eb rrezikut p\u00ebr pagesat q\u00eb duhen b\u00ebr\u00eb p\u00ebr projektet e Partneritetit Publik Privat.<\/p>\n<p>Modeli ekonomik i Rilindjes, model q\u00eb n\u00eb fakt nuk k\u00ebrkon asgj\u00eb p\u00ebrve\u00e7se partneritetit p\u00ebr t\u00eb futur n\u00eb borxh sa t\u00eb munden shqiptar\u00ebt p\u00ebr 15-20 vitet e ardhshme, \u00ebsht\u00eb shkaku kryesor q\u00eb shqiptar\u00ebt kan\u00eb mbushur sheshet n\u00eb protesta.<\/p>\n<p>Ky model i d\u00ebshtuar \u00ebsht\u00eb thelbi se p\u00ebrse kjo qeveri kusare duhet rr\u00ebzuar, pasi ajo nuk prodhon asgj\u00eb ve\u00e7 varf\u00ebris\u00eb dhe largimit t\u00eb shqiptar\u00ebve nga vendi i tyre.&#8221;<\/p>\n<p>&nbsp;<\/p>","protected":false},"excerpt":{"rendered":"<p>Ish-deputeti i LSI, P\u00ebrparim Spahiu, \u00ebsht\u00eb deklaruar sot lidhur me taks\u00ebn-tarif\u00eb t\u00eb re q\u00eb qeveria Rama do t\u00eb ver\u00eb mbi naft\u00ebn. Spahiu tha se &#8220;Qeveria i thot\u00eb taks\u00ebs &#8220;tarif\u00eb&#8221;, sepse nuk ka Gjykat\u00eb Kushtetuese q\u00eb ta pengoj\u00eb at\u00eb, ndaj qytetar\u00ebve u ka mbetur vet\u00ebm nj\u00eb gj\u00eb, ta paguajn\u00eb at\u00eb si nj\u00eb\u00a0grabitje t\u00eb re \u00e7do dit\u00eb [&hellip;]<\/p>\n","protected":false},"author":2013,"featured_media":95545,"comment_status":"open","ping_status":"closed","sticky":false,"template":"","format":"standard","meta":{"footnotes":""},"categories":[241,235],"tags":[],"class_list":{"0":"post-95544","1":"post","2":"type-post","3":"status-publish","4":"format-standard","5":"has-post-thumbnail","7":"category-aktualitet","8":"category-vendi"},"_links":{"self":[{"href":"https:\/\/zjarr.tv\/en\/wp-json\/wp\/v2\/posts\/95544","targetHints":{"allow":["GET"]}}],"collection":[{"href":"https:\/\/zjarr.tv\/en\/wp-json\/wp\/v2\/posts"}],"about":[{"href":"https:\/\/zjarr.tv\/en\/wp-json\/wp\/v2\/types\/post"}],"author":[{"embeddable":true,"href":"https:\/\/zjarr.tv\/en\/wp-json\/wp\/v2\/users\/2013"}],"replies":[{"embeddable":true,"href":"https:\/\/zjarr.tv\/en\/wp-json\/wp\/v2\/comments?post=95544"}],"version-history":[{"count":0,"href":"https:\/\/zjarr.tv\/en\/wp-json\/wp\/v2\/posts\/95544\/revisions"}],"wp:featuredmedia":[{"embeddable":true,"href":"https:\/\/zjarr.tv\/en\/wp-json\/wp\/v2\/media\/95545"}],"wp:attachment":[{"href":"https:\/\/zjarr.tv\/en\/wp-json\/wp\/v2\/media?parent=95544"}],"wp:term":[{"taxonomy":"category","embeddable":true,"href":"https:\/\/zjarr.tv\/en\/wp-json\/wp\/v2\/categories?post=95544"},{"taxonomy":"post_tag","embeddable":true,"href":"https:\/\/zjarr.tv\/en\/wp-json\/wp\/v2\/tags?post=95544"}],"curies":[{"name":"wp","href":"https:\/\/api.w.org\/{rel}","templated":true}]}}