{"id":95547,"date":"2019-07-11T14:45:24","date_gmt":"2019-07-11T12:45:24","guid":{"rendered":"https:\/\/zjarr.tv\/?p=95547"},"modified":"2019-07-11T14:45:24","modified_gmt":"2019-07-11T12:45:24","slug":"kush-eshte-personi-qe-kercenoi-klement-zgurin-dhe-aurel-plasarin-lidhja-e-tij-me-fatos-klosin","status":"publish","type":"post","link":"https:\/\/zjarr.tv\/en\/kush-eshte-personi-qe-kercenoi-klement-zgurin-dhe-aurel-plasarin-lidhja-e-tij-me-fatos-klosin\/","title":{"rendered":"Kush \u00ebsht\u00eb personi q\u00eb k\u00ebrc\u00ebnoi Klement Zgurin dhe Aurel Plasarin, lidhja e tij me Fatos Klosin\u2026"},"content":{"rendered":"<p>Ish kryeministri Berisha ka publikuar n\u00eb faqen e tij n\u00eb fecebook mesazhin e nj\u00eb qytetari i cili jep detaje trondit\u00ebse mbi t\u00eb v\u00ebrtetat se kush \u00ebsht\u00eb personi q\u00eb k\u00ebrc\u00ebnoi edhe Kreun e Komisionit Q\u00ebndror t\u00eb zgjedhjeve Klement Zguri por edhe publicistin Aurel Plasari.<\/p>\n<p>Ja postimi i Plot\u00eb i ish kryeministrit Berisha<\/p>\n<p>Emigranti dixhital akuzon Emiljan Pjetrin q\u00eb k\u00ebrc\u00ebnoj me jet\u00ebn e f\u00ebmijve shkrimtarin dhe publicistin e njohur Aurel Plasari dhe kryetarin e KQZ Klement Zguri si delinkuent i lidhur me familjen e diktatorit Hoxha dhe kriminelin Fatos Klosi. sb<\/p>\n<p>Ky \u00ebsht\u00eb Emiljan Pjetri, q\u00eb k\u00ebrc\u00ebnoj Zgurin, Ky \u00ebsht\u00eb bashkpuntor i Klosit dhe jeton n\u00eb kalkidhiki, Emiljani nuk rri n\u00eb Athin\u00eb, por n\u00eb Nea Skioni Kalkidhiki, atje fshihet, as punon as gj\u00eb. Ka mardh\u00ebnie t\u00eb ngushta me familjen e mbes\u00ebs se madhe t\u00eb E Hoxh\u00ebs. P\u00ebr ata punon, nd\u00ebrkoh\u00eb ka qen\u00eb n\u00ebn sherbimin e Klosit, ka qen\u00eb i k\u00ebrkuar nga interpoli por ja kan\u00eb heq emrin.<\/p>\n<p>E mban veten p\u00ebr shkodran por mirditor \u00ebsht\u00eb, nj\u00eb vlla ja vran\u00eb para dy vjetsh ne shkod\u00ebr. Ky ka 10 vjet q\u00eb nuk shkel n\u00eb Shqip\u00ebri&#8230;ka bashk punuar me Izetit Haxhin me t\u00eb cilin \u00ebsht\u00eb mik i ngusht\u00eb \u00ebsht\u00eb p\u00ebrpjekur p\u00ebr ta ndimuar t\u00eb ikte nga Turqia n\u00eb Greqi, n\u00eb europ\u00eb nga qipro, po nuk mundi. Esht\u00eb vras\u00ebs.<\/p>\n<p>Esht\u00eb akuzuar dhe p\u00ebr vrasjet e komandant Telit<\/p>\n<p>Ata t\u00eb U\u00c7K shok\u00ebt e Telit e k\u00ebrkonin k\u00ebt\u00eb dhe nj\u00eb tjet\u00ebr bashkpuntor t\u00eb Klosit, Partizani Cene i thon\u00eb. Esht\u00eb \u00e7am dhe ky jeton n\u00eb Athin\u00eb<br \/>\nKa k\u00ebrc\u00ebnuar dikur edhe konsullin Shqiptar n\u00eb Selanik Thoma Ninin sepse me nje certifikat\u00eb fallco, k\u00ebrkonte t\u00eb nxirrte pashaporte tjeter.<\/p>\n<p>&nbsp;<\/p>","protected":false},"excerpt":{"rendered":"<p>Ish kryeministri Berisha ka publikuar n\u00eb faqen e tij n\u00eb fecebook mesazhin e nj\u00eb qytetari i cili jep detaje trondit\u00ebse mbi t\u00eb v\u00ebrtetat se kush \u00ebsht\u00eb personi q\u00eb k\u00ebrc\u00ebnoi edhe Kreun e Komisionit Q\u00ebndror t\u00eb zgjedhjeve Klement Zguri por edhe publicistin Aurel Plasari. Ja postimi i Plot\u00eb i ish kryeministrit Berisha Emigranti dixhital akuzon Emiljan [&hellip;]<\/p>\n","protected":false},"author":2013,"featured_media":38161,"comment_status":"open","ping_status":"closed","sticky":false,"template":"","format":"standard","meta":{"footnotes":""},"categories":[241,235],"tags":[],"class_list":{"0":"post-95547","1":"post","2":"type-post","3":"status-publish","4":"format-standard","5":"has-post-thumbnail","7":"category-aktualitet","8":"category-vendi"},"_links":{"self":[{"href":"https:\/\/zjarr.tv\/en\/wp-json\/wp\/v2\/posts\/95547","targetHints":{"allow":["GET"]}}],"collection":[{"href":"https:\/\/zjarr.tv\/en\/wp-json\/wp\/v2\/posts"}],"about":[{"href":"https:\/\/zjarr.tv\/en\/wp-json\/wp\/v2\/types\/post"}],"author":[{"embeddable":true,"href":"https:\/\/zjarr.tv\/en\/wp-json\/wp\/v2\/users\/2013"}],"replies":[{"embeddable":true,"href":"https:\/\/zjarr.tv\/en\/wp-json\/wp\/v2\/comments?post=95547"}],"version-history":[{"count":0,"href":"https:\/\/zjarr.tv\/en\/wp-json\/wp\/v2\/posts\/95547\/revisions"}],"wp:featuredmedia":[{"embeddable":true,"href":"https:\/\/zjarr.tv\/en\/wp-json\/wp\/v2\/media\/38161"}],"wp:attachment":[{"href":"https:\/\/zjarr.tv\/en\/wp-json\/wp\/v2\/media?parent=95547"}],"wp:term":[{"taxonomy":"category","embeddable":true,"href":"https:\/\/zjarr.tv\/en\/wp-json\/wp\/v2\/categories?post=95547"},{"taxonomy":"post_tag","embeddable":true,"href":"https:\/\/zjarr.tv\/en\/wp-json\/wp\/v2\/tags?post=95547"}],"curies":[{"name":"wp","href":"https:\/\/api.w.org\/{rel}","templated":true}]}}