{"id":95551,"date":"2019-07-11T15:33:57","date_gmt":"2019-07-11T13:33:57","guid":{"rendered":"https:\/\/zjarr.tv\/?p=95551"},"modified":"2019-07-11T15:33:57","modified_gmt":"2019-07-11T13:33:57","slug":"haradinaj-sovranitetin-e-kosoves-do-ta-mbrojme-me-cdo-cmim","status":"publish","type":"post","link":"https:\/\/zjarr.tv\/en\/haradinaj-sovranitetin-e-kosoves-do-ta-mbrojme-me-cdo-cmim\/","title":{"rendered":"Haradinaj: Sovranitetin e Kosov\u00ebs do ta mbrojm\u00eb me \u00e7do \u00e7mim"},"content":{"rendered":"<p>Kryeministri i Kosov\u00ebs, Ramush Haradinaj, deklaroi se sovranitetin, integritetin dhe paprekshm\u00ebrin\u00eb e Kosov\u00ebs do ta mbrojm\u00eb me \u00e7do \u00e7mim.<\/p>\n<p>Shefi i ekzekutivit kosovar duke iu drejtuar qytetar\u00ebve tha se \u201cjemi bashk\u00eb dhe jemi t\u00eb fort\u00eb\u201d e se \u201caskush nuk do t\u00eb na ndaj\u00eb\u201d.<\/p>\n<p>Kjo deklarat\u00eb e Haradinajt vjen vet\u00ebm nj\u00eb dit\u00eb pasi kryeministri i Maqedonis\u00eb s\u00eb Veriut, Zoran Zaev, foli p\u00ebr planin p\u00ebr ndryshim t\u00eb kufijve t\u00eb Kosov\u00ebs, duke th\u00ebn\u00eb se mbrapa k\u00ebtyre q\u00ebllimeve q\u00ebndrojn\u00eb interesat e Rusis\u00eb dhe t\u00eb Turqis\u00eb.<\/p>\n<p>Zaev po mendonte se ishte duke biseduar me ish-presidentin ukrainas, Petro Poroshenko, por n\u00eb t\u00eb v\u00ebrtet\u00eb ata ishin dy komedian\u00eb rus\u00eb.<\/p>\n<p>N\u00eb telefonat\u00ebn q\u00eb \u00ebsht\u00eb publikuar n\u00eb faqen e dy komik\u00ebve n\u00eb YouTube, Zaev deklaroi se plani i ndarjes s\u00eb Kosov\u00ebs n\u00ebnkupton q\u00eb vendi yn\u00eb t\u2019ia jap\u00eb Serbis\u00eb 10 komuna.<\/p>\n<p>T\u00eb mart\u00ebn n\u00eb nj\u00eb konferenc\u00eb p\u00ebr media, Zoran Zaev ka pranuar se \u00ebsht\u00eb mashtruar.<\/p>\n<p>&nbsp;<\/p>","protected":false},"excerpt":{"rendered":"<p>Kryeministri i Kosov\u00ebs, Ramush Haradinaj, deklaroi se sovranitetin, integritetin dhe paprekshm\u00ebrin\u00eb e Kosov\u00ebs do ta mbrojm\u00eb me \u00e7do \u00e7mim. Shefi i ekzekutivit kosovar duke iu drejtuar qytetar\u00ebve tha se \u201cjemi bashk\u00eb dhe jemi t\u00eb fort\u00eb\u201d e se \u201caskush nuk do t\u00eb na ndaj\u00eb\u201d. Kjo deklarat\u00eb e Haradinajt vjen vet\u00ebm nj\u00eb dit\u00eb pasi kryeministri i Maqedonis\u00eb [&hellip;]<\/p>\n","protected":false},"author":2013,"featured_media":69169,"comment_status":"open","ping_status":"closed","sticky":false,"template":"","format":"standard","meta":{"footnotes":""},"categories":[241,2],"tags":[],"class_list":{"0":"post-95551","1":"post","2":"type-post","3":"status-publish","4":"format-standard","5":"has-post-thumbnail","7":"category-aktualitet","8":"category-rajoni"},"_links":{"self":[{"href":"https:\/\/zjarr.tv\/en\/wp-json\/wp\/v2\/posts\/95551","targetHints":{"allow":["GET"]}}],"collection":[{"href":"https:\/\/zjarr.tv\/en\/wp-json\/wp\/v2\/posts"}],"about":[{"href":"https:\/\/zjarr.tv\/en\/wp-json\/wp\/v2\/types\/post"}],"author":[{"embeddable":true,"href":"https:\/\/zjarr.tv\/en\/wp-json\/wp\/v2\/users\/2013"}],"replies":[{"embeddable":true,"href":"https:\/\/zjarr.tv\/en\/wp-json\/wp\/v2\/comments?post=95551"}],"version-history":[{"count":0,"href":"https:\/\/zjarr.tv\/en\/wp-json\/wp\/v2\/posts\/95551\/revisions"}],"wp:featuredmedia":[{"embeddable":true,"href":"https:\/\/zjarr.tv\/en\/wp-json\/wp\/v2\/media\/69169"}],"wp:attachment":[{"href":"https:\/\/zjarr.tv\/en\/wp-json\/wp\/v2\/media?parent=95551"}],"wp:term":[{"taxonomy":"category","embeddable":true,"href":"https:\/\/zjarr.tv\/en\/wp-json\/wp\/v2\/categories?post=95551"},{"taxonomy":"post_tag","embeddable":true,"href":"https:\/\/zjarr.tv\/en\/wp-json\/wp\/v2\/tags?post=95551"}],"curies":[{"name":"wp","href":"https:\/\/api.w.org\/{rel}","templated":true}]}}