{"id":95557,"date":"2019-07-11T15:20:36","date_gmt":"2019-07-11T13:20:36","guid":{"rendered":"https:\/\/zjarr.tv\/?p=95557"},"modified":"2019-07-11T15:20:36","modified_gmt":"2019-07-11T13:20:36","slug":"mblidhet-komisioni-per-meten-manja-3-muaj-hetim-te-plote","status":"publish","type":"post","link":"https:\/\/zjarr.tv\/en\/mblidhet-komisioni-per-meten-manja-3-muaj-hetim-te-plote\/","title":{"rendered":"Mblidhet Komisioni p\u00ebr Met\u00ebn, Manja: 3 muaj hetim t\u00eb plot\u00eb"},"content":{"rendered":"<p>Komisioni Hetimor Parlamentar p\u00ebr shkarkimin e Presidentit Ilir Meta \u00ebsht\u00eb mblidhur k\u00ebt\u00eb mesdit\u00eb n\u00eb mbledhjen e par\u00eb, p\u00ebr t\u00eb shqyrtuar k\u00ebrkes\u00ebn e deputet\u00ebve socialist\u00eb.<\/p>\n<p>Ky komision do t\u00eb vendos\u00eb p\u00ebr shkarkimin ose jo t\u00eb Kreut t\u00eb Shtetit, Ilir Meta, pas vendimit t\u00eb tij p\u00ebr t\u00eb anuluar 30 qershorin si dat\u00eb t\u00eb zgjedhjeve vendore.<\/p>\n<p>N\u00eb mbledhjen e par\u00eb, kreu i komisionit, Ulsi Manja, deklaroi se p\u00ebr nj\u00eb periudh\u00eb 3-mujore do t\u00eb b\u00ebhet nj\u00eb hetim i plot\u00eb mbi vendimin e Met\u00ebs, i cili m\u00eb pas do t\u2019i dor\u00ebzohet Kuvendit p\u00ebr veprime t\u00eb m\u00ebtejshme.<\/p>\n<p>\u201cQ\u00ebllimi i ngritjes s\u00eb tij \u00ebsht\u00eb i njohur, un\u00eb po shfryt\u00ebzoj rastin dhe po lexoj vendimin e kuvendit t\u00eb Shqip\u00ebris\u00eb: Ky komision hetimor ka p\u00ebr q\u00ebllim t\u00eb hetoj\u00eb njohjen dhe ushtrimin e kompetencave nga ana e presidentit t\u00eb Republik\u00ebs lidhur me organizimin e zgjedhjeve vendore dhe nxjerrjen e p\u00ebrgjegj\u00ebsive konkrete. Ky komision ka p\u00ebr detyr\u00eb t\u00eb verifikoj\u00eb procedurat e ndjekura nga presidenti i Republik\u00ebs, t\u00eb verifikoj\u00eb pasoja e k\u00ebtyre akteve n\u00eb raport me institucionet e tjera.<\/p>\n<p>N\u00eb optik\u00ebn e koleg\u00ebve deputet\u00eb q\u00eb kan\u00eb k\u00ebrkuar shkarkimin e tij konstatohet se sjellja e tij n\u00eb lidhje me procedurat e ndjekura, presidenti ka shkelur r\u00ebnd\u00eb kushtetut\u00ebn dhe kjo sipas tyre p\u00ebrb\u00ebn shkak ligjor p\u00ebr pezullimin nga detyra. Ky komision referuar sakt\u00ebsisht vendimit 84, p\u00ebr nj\u00eb periudh\u00eb 3 mujore do b\u00ebj\u00eb nj\u00eb hetim t\u00eb plot\u00eb p\u00ebr t\u2019i paraqitur Kuvendit nj\u00eb raport p\u00ebrfundimtar. Ky \u00ebsht\u00eb edhe deklarimi i komisionit hetimor i p\u00ebrcaktuar n\u00eb vendimin dhe komisioni \u00ebsht\u00eb i detyruar t\u2019i rrij\u00eb strikt\u201d, tha Manja.<\/p>\n<p>Me vot\u00eb unanime, Komisioni vendosi q\u00eb opozitari kuvendor Halit Valteri dhe socialisti Alket Hyseni t\u00eb\u00a0 jen\u00eb bashk\u00ebrelator\u00ebt, q\u00eb do t\u00eb duhet t\u00eb p\u00ebrgatisin rregulloren e puns dhe planin paraprak t\u00eb hetimit.<\/p>\n<p>Pas dekretit t\u00eb Met\u00ebs, disa deputet\u00eb t\u00eb Partis\u00eb Socialiste k\u00ebrkuan ngritjen e nj\u00eb Komisioni Hetimor p\u00ebr shkarkimin e Presidentit.\u00a0K\u00ebrkesa e tyre u miratua n\u00eb Kuvend, gjat\u00eb seanc\u00ebs t\u00eb s\u00eb h\u00ebn\u00ebs, me 101 vota pro dhe 6 kund\u00ebr.<\/p>\n<p>Socialist\u00ebt k\u00ebrkojn\u00eb shkarkimin e Presidentit Ilir Meta me argumentin se ka shkelur r\u00ebnd\u00eb Kushtetut\u00ebn, me dekretin p\u00ebr anulimin e zgjedhjeve t\u00eb 30 qershorit, duke dekretuar 13 tetorin si dat\u00eb p\u00ebr zhvillimin e k\u00ebtyre zgjedhjeve.<\/p>\n<p>&nbsp;<\/p>","protected":false},"excerpt":{"rendered":"<p>Komisioni Hetimor Parlamentar p\u00ebr shkarkimin e Presidentit Ilir Meta \u00ebsht\u00eb mblidhur k\u00ebt\u00eb mesdit\u00eb n\u00eb mbledhjen e par\u00eb, p\u00ebr t\u00eb shqyrtuar k\u00ebrkes\u00ebn e deputet\u00ebve socialist\u00eb. Ky komision do t\u00eb vendos\u00eb p\u00ebr shkarkimin ose jo t\u00eb Kreut t\u00eb Shtetit, Ilir Meta, pas vendimit t\u00eb tij p\u00ebr t\u00eb anuluar 30 qershorin si dat\u00eb t\u00eb zgjedhjeve vendore. N\u00eb mbledhjen [&hellip;]<\/p>\n","protected":false},"author":2013,"featured_media":95558,"comment_status":"open","ping_status":"closed","sticky":false,"template":"","format":"standard","meta":{"footnotes":""},"categories":[241,235],"tags":[],"class_list":{"0":"post-95557","1":"post","2":"type-post","3":"status-publish","4":"format-standard","5":"has-post-thumbnail","7":"category-aktualitet","8":"category-vendi"},"_links":{"self":[{"href":"https:\/\/zjarr.tv\/en\/wp-json\/wp\/v2\/posts\/95557","targetHints":{"allow":["GET"]}}],"collection":[{"href":"https:\/\/zjarr.tv\/en\/wp-json\/wp\/v2\/posts"}],"about":[{"href":"https:\/\/zjarr.tv\/en\/wp-json\/wp\/v2\/types\/post"}],"author":[{"embeddable":true,"href":"https:\/\/zjarr.tv\/en\/wp-json\/wp\/v2\/users\/2013"}],"replies":[{"embeddable":true,"href":"https:\/\/zjarr.tv\/en\/wp-json\/wp\/v2\/comments?post=95557"}],"version-history":[{"count":0,"href":"https:\/\/zjarr.tv\/en\/wp-json\/wp\/v2\/posts\/95557\/revisions"}],"wp:featuredmedia":[{"embeddable":true,"href":"https:\/\/zjarr.tv\/en\/wp-json\/wp\/v2\/media\/95558"}],"wp:attachment":[{"href":"https:\/\/zjarr.tv\/en\/wp-json\/wp\/v2\/media?parent=95557"}],"wp:term":[{"taxonomy":"category","embeddable":true,"href":"https:\/\/zjarr.tv\/en\/wp-json\/wp\/v2\/categories?post=95557"},{"taxonomy":"post_tag","embeddable":true,"href":"https:\/\/zjarr.tv\/en\/wp-json\/wp\/v2\/tags?post=95557"}],"curies":[{"name":"wp","href":"https:\/\/api.w.org\/{rel}","templated":true}]}}