{"id":95565,"date":"2019-07-11T19:00:31","date_gmt":"2019-07-11T17:00:31","guid":{"rendered":"https:\/\/zjarr.tv\/?p=95565"},"modified":"2019-07-11T15:32:39","modified_gmt":"2019-07-11T13:32:39","slug":"thaci-20-minuta-ne-telefon-me-zaev-me-kerkoi-falje-ka-rene-pre-e-mashtrimit","status":"publish","type":"post","link":"https:\/\/zjarr.tv\/en\/thaci-20-minuta-ne-telefon-me-zaev-me-kerkoi-falje-ka-rene-pre-e-mashtrimit\/","title":{"rendered":"Tha\u00e7i 20 minuta n\u00eb telefon me Zaev: M\u00eb k\u00ebrkoi falje, ka r\u00ebn\u00eb pre e mashtrimit"},"content":{"rendered":"<p><em>Kryeministri i Maqedonis\u00eb s\u00eb Veriut, Zoran Zaev, \u00ebsht\u00eb t\u00ebrhequr nga pretendimet se president\u00ebt Tha\u00e7i dhe Vu\u00e7i\u00e7 kishin r\u00ebn\u00eb dakord p\u00ebr ndryshimin e kufijve midis Kosov\u00ebs dhe Serbis\u00eb. Ai madje i ka telefonuar presidentit Tha\u00e7i p\u00ebr t\u2019i k\u00ebrkuar ndjes\u00eb n\u00eb lidhje me deklaratat e b\u00ebra, p\u00ebr t\u00eb cilat tha se ishin vet\u00ebm thashetheme t\u00eb d\u00ebgjuara.<\/em><\/p>\n<p>Pas stuhis\u00eb politike q\u00eb shkaktoi n\u00eb Prishtin\u00eb, Shkup dhe Tiran\u00eb, kryeministri i Maqedonis\u00eb s\u00eb Veriut, Zoran Zaev, \u00ebsht\u00eb t\u00ebrhequr nga pretendimet se president\u00ebt Tha\u00e7i dhe Vu\u00e7i\u00e7 kishin r\u00ebn\u00eb dakord p\u00ebr ndryshimin e kufijve midis Kosov\u00ebs dhe Serbis\u00eb.<\/p>\n<p>Zaevi i ka telefonuar presidentit Hashim Tha\u00e7i p\u00ebr t\u2019i k\u00ebrkuar ndjes\u00eb, nd\u00ebrsa ka pohuar se pretendimet e ngritura n\u00eb telefonat\u00ebn me dy komedian\u00ebt rus\u00eb ishin vet\u00ebm thashetheme. K\u00ebt\u00eb fakt e ka pranuar vet\u00eb kreu kosovar Hashim Tha\u00e7i.<\/p>\n<p><strong><em>Tha\u00e7i:\u00a0<\/em><\/strong><em>Mbr\u00ebm\u00eb kam zhvilluar nj\u00eb bised\u00eb telefonike rreth 20 minuta me kryeministrin Zaev, ai m\u00eb thirri mua si president i Republik\u00ebs s\u00eb Kosov\u00ebs p\u00ebr t\u2019u sqaruar n\u00eb at\u00eb \u00e7ka ai ka biseduar me njer\u00ebzit t\u00eb cil\u00ebt e kan\u00eb thirrur. M\u00eb ka th\u00ebn\u00eb shum\u00eb qart\u00eb se ka qen\u00eb nj\u00eb rrethan\u00eb n\u00eb t\u00eb cil\u00ebn ka r\u00ebn\u00eb pre e mashtrimit dhe gjith\u00e7ka \u00e7ka ka folur p\u00ebr gjoja 10 komunat e Kosov\u00ebs q\u00eb do t\u2019i jepen Serbis\u00eb i ka folur duke u bazuar n\u00eb thashetheme, n\u00eb dezinformata dhe n\u00eb t\u00eb dh\u00ebnat apo lansimet e gazet\u00ebs &#8220;Sputnik&#8221; dhe thashethemeve ruse. K\u00ebto jan\u00eb fjal\u00ebt t\u00eb cilat mi ka th\u00ebn\u00eb, m\u00eb ka k\u00ebrkuar falje mua personalisht, por edhe Kosov\u00ebs.\u00a0<\/em><\/p>\n<p><em>N\u00eb t\u00eb nj\u00ebjt\u00ebn koh\u00eb ka theksuar se ato q\u00eb ai ka folur me mashtruesit t\u00eb cil\u00ebt e kan\u00eb thirrur n\u00eb telefon jan\u00eb gj\u00ebra t\u00eb cilat nuk q\u00ebndrojn\u00eb n\u00eb raport me Kosov\u00ebn dhe se n\u00eb t\u00eb nj\u00ebjt\u00ebn koh\u00eb ka theksuar qart\u00eb se nuk ka asnj\u00eb fakt, asnj\u00eb evidenc\u00eb, asnj\u00eb informacion zyrtar nga askush p\u00ebr at\u00eb q\u00eb ka deklaruar, por t\u00eb gjitha i ka t\u00eb d\u00ebgjuara nga thashethemet lokale dhe nd\u00ebrkomb\u00ebtare. E n\u00eb t\u00eb nj\u00ebjt\u00ebn koh\u00eb n\u00eb ve\u00e7anti nga thashethemet e prezantuara dhe lajmet e rreme t\u00eb gazet\u00ebs &#8220;Sputnik&#8221;.<\/em><\/p>\n<p>Tha\u00e7i n\u00ebnvizoi se raportet e Kosov\u00ebs me Maqedonin\u00eb e Veriut kan\u00eb qen\u00eb dhe jan\u00eb korrekte.<\/p>\n<p>Presidenti i Kosov\u00ebs madje zbuloi se edhe ai vet\u00eb ka qen\u00eb n\u00eb sh\u00ebnjest\u00ebr t\u00eb dy komedian\u00ebve rus\u00eb para 8 muajsh.<\/p>\n<p><strong><em>Tha\u00e7i:\u00a0<\/em><\/strong><em>Kan\u00eb tentuar t\u00eb dep\u00ebrtojn\u00eb dhe n\u00eb zyr\u00ebn time.Para 7-8 muajsh kjo p\u00ebrpjekje. Falenderoj kabinetin p\u00ebr pun\u00ebn e tyre shum\u00eb profesionale q\u00eb kan\u00eb shmangur k\u00ebta dy mashtrues.<\/em><\/p>\n<p>Dy komedian\u00eb rus\u00eb mashtruan\u00a0p\u00ebrmes dy bisedave telefonike kryeminsitrin e Maqedonis\u00eb s\u00eb Veriut, Zoran Zaev, duke ju shtrirur si ish-Presindeti i Ukrain\u00ebs, Petro Poroshenko, dhe si Sekretari i P\u00ebrgjithsh\u00ebm i NATO-s, Jens Stoltenberg.<\/p>\n<p>N\u00eb biseda flitet p\u00ebr \u00e7\u00ebshtje t\u00eb ndryshme p\u00ebrfshir\u00eb edhe dialogun Kosov\u00eb-Serbi, ku nd\u00ebr t\u00eb tjera, Zaev thot\u00eb se ai dhe kancelarja Merkel jan\u00eb kund\u00ebr ides\u00eb s\u00eb shk\u00ebmbimit t\u00eb territoreve.<\/p>\n<p>&nbsp;<\/p>","protected":false},"excerpt":{"rendered":"<p>Kryeministri i Maqedonis\u00eb s\u00eb Veriut, Zoran Zaev, \u00ebsht\u00eb t\u00ebrhequr nga pretendimet se president\u00ebt Tha\u00e7i dhe Vu\u00e7i\u00e7 kishin r\u00ebn\u00eb dakord p\u00ebr ndryshimin e kufijve midis Kosov\u00ebs dhe Serbis\u00eb. Ai madje i ka telefonuar presidentit Tha\u00e7i p\u00ebr t\u2019i k\u00ebrkuar ndjes\u00eb n\u00eb lidhje me deklaratat e b\u00ebra, p\u00ebr t\u00eb cilat tha se ishin vet\u00ebm thashetheme t\u00eb d\u00ebgjuara. Pas [&hellip;]<\/p>\n","protected":false},"author":2013,"featured_media":64889,"comment_status":"open","ping_status":"closed","sticky":false,"template":"","format":"standard","meta":{"footnotes":""},"categories":[241,2],"tags":[],"class_list":{"0":"post-95565","1":"post","2":"type-post","3":"status-publish","4":"format-standard","5":"has-post-thumbnail","7":"category-aktualitet","8":"category-rajoni"},"_links":{"self":[{"href":"https:\/\/zjarr.tv\/en\/wp-json\/wp\/v2\/posts\/95565","targetHints":{"allow":["GET"]}}],"collection":[{"href":"https:\/\/zjarr.tv\/en\/wp-json\/wp\/v2\/posts"}],"about":[{"href":"https:\/\/zjarr.tv\/en\/wp-json\/wp\/v2\/types\/post"}],"author":[{"embeddable":true,"href":"https:\/\/zjarr.tv\/en\/wp-json\/wp\/v2\/users\/2013"}],"replies":[{"embeddable":true,"href":"https:\/\/zjarr.tv\/en\/wp-json\/wp\/v2\/comments?post=95565"}],"version-history":[{"count":0,"href":"https:\/\/zjarr.tv\/en\/wp-json\/wp\/v2\/posts\/95565\/revisions"}],"wp:featuredmedia":[{"embeddable":true,"href":"https:\/\/zjarr.tv\/en\/wp-json\/wp\/v2\/media\/64889"}],"wp:attachment":[{"href":"https:\/\/zjarr.tv\/en\/wp-json\/wp\/v2\/media?parent=95565"}],"wp:term":[{"taxonomy":"category","embeddable":true,"href":"https:\/\/zjarr.tv\/en\/wp-json\/wp\/v2\/categories?post=95565"},{"taxonomy":"post_tag","embeddable":true,"href":"https:\/\/zjarr.tv\/en\/wp-json\/wp\/v2\/tags?post=95565"}],"curies":[{"name":"wp","href":"https:\/\/api.w.org\/{rel}","templated":true}]}}