{"id":95568,"date":"2019-07-11T19:10:33","date_gmt":"2019-07-11T17:10:33","guid":{"rendered":"https:\/\/zjarr.tv\/?p=95568"},"modified":"2019-07-11T15:35:07","modified_gmt":"2019-07-11T13:35:07","slug":"shqiperia-do-te-restauroje-godinen-e-keshillit-kombetar-shqiptar-ne-bujanoc","status":"publish","type":"post","link":"https:\/\/zjarr.tv\/en\/shqiperia-do-te-restauroje-godinen-e-keshillit-kombetar-shqiptar-ne-bujanoc\/","title":{"rendered":"Shqip\u00ebria do t\u00eb restauroj\u00eb godin\u00ebn e K\u00ebshillit Komb\u00ebtar Shqiptar n\u00eb Bujanoc"},"content":{"rendered":"<p>Ministri n\u00eb Detyr\u00eb p\u00ebr Evrop\u00ebn dhe Pun\u00ebt e Jashtme Gent Cakaj ka njoftuar se K\u00ebshilli i Ministrave i Republik\u00ebs s\u00eb Shqip\u00ebris\u00eb ka vendosur t\u00eb financoj\u00eb restaurimin e godin\u00ebs s\u00eb K\u00ebshillit Komb\u00ebtar Shqiptar dhe funksionalizimin e plot\u00eb t\u00eb Qendr\u00ebs Kulturore Multidimensionale t\u00eb k\u00ebtij K\u00ebshilli n\u00eb Komun\u00ebn e Bujanocit.<\/p>\n<p>N\u00eb nj\u00eb postim n\u00eb rrjetin social Facebook, Ministri n\u00eb Detyr\u00eb shkruan se kjo mas\u00eb \u00ebsht\u00eb zgjatim i p\u00ebrpjekjeve politike t\u00eb Ministris\u00eb p\u00ebr Evrop\u00ebn dhe Pun\u00ebt e Jashtme t\u00eb Republik\u00ebs s\u00eb Shqip\u00ebris\u00eb p\u00ebr konsolidimin e marr\u00ebdh\u00ebnieve politike me shqiptar\u00ebt n\u00eb rajon.<\/p>\n<p><em>\u201cMbeshtetja e Republik\u00ebs s\u00eb Shqip\u00ebris\u00eb \u00ebsht\u00eb e domosdoshme p\u00ebr kultivimin dhe avancimin e indetitetit komb\u00ebtar dhe kulturor t\u00eb shqiptar\u00ebve n\u00eb Preshev\u00eb, Bujanovc dhe Medvegj\u00eb.\u201d shprehet Cakaj ne postimin e tij.<\/em><\/p>\n<p>Cakaj thot\u00eb se funksionalizimi i plot\u00eb i Qendr\u00ebs Kultutore Multidimensionale n\u00eb Komun\u00ebn e Bujanovcit, do t\u00eb ket\u00eb nj\u00eb rol tep\u00ebr t\u00eb r\u00ebnd\u00ebsish\u00ebm n\u00eb ruajtjen, promovimin dhe zhvillimin e trash\u00ebgimis\u00eb komb\u00ebtare t\u00eb shqiptar\u00ebve n\u00eb Lugin\u00ebn e Preshev\u00ebs dhe m\u00eb gjer\u00eb.<\/p>\n<p>Kjo Qend\u00ebr, po ashtu, do t\u00eb ushtroj\u00eb nj\u00eb ndikim pozitiv edhe n\u00eb vitalizimin e shoq\u00ebris\u00eb civile n\u00eb ket\u00eb hap\u00ebsir\u00eb me vler\u00eb t\u00eb ve\u00e7ant\u00eb historike.<\/p>\n<p><em>\u201cShum\u00eb shpejt duhet t\u00eb procedohet me nj\u00eb marr\u00ebveshje t\u00eb ve\u00e7ant\u00eb bashk\u00ebpunimi p\u00ebr mb\u00ebshtetje t\u00eb ve\u00e7ant\u00eb financiare, politike, shoq\u00ebrore dhe kultutore p\u00ebr shqiptar\u00ebt e Lugin\u00ebs\u201d p\u00ebrfundon Cakaj n\u00eb Facebook.<\/em><\/p>\n<p>&nbsp;<\/p>","protected":false},"excerpt":{"rendered":"<p>Ministri n\u00eb Detyr\u00eb p\u00ebr Evrop\u00ebn dhe Pun\u00ebt e Jashtme Gent Cakaj ka njoftuar se K\u00ebshilli i Ministrave i Republik\u00ebs s\u00eb Shqip\u00ebris\u00eb ka vendosur t\u00eb financoj\u00eb restaurimin e godin\u00ebs s\u00eb K\u00ebshillit Komb\u00ebtar Shqiptar dhe funksionalizimin e plot\u00eb t\u00eb Qendr\u00ebs Kulturore Multidimensionale t\u00eb k\u00ebtij K\u00ebshilli n\u00eb Komun\u00ebn e Bujanocit. N\u00eb nj\u00eb postim n\u00eb rrjetin social Facebook, Ministri [&hellip;]<\/p>\n","protected":false},"author":2013,"featured_media":95570,"comment_status":"open","ping_status":"closed","sticky":false,"template":"","format":"standard","meta":{"footnotes":""},"categories":[241,2],"tags":[],"class_list":{"0":"post-95568","1":"post","2":"type-post","3":"status-publish","4":"format-standard","5":"has-post-thumbnail","7":"category-aktualitet","8":"category-rajoni"},"_links":{"self":[{"href":"https:\/\/zjarr.tv\/en\/wp-json\/wp\/v2\/posts\/95568","targetHints":{"allow":["GET"]}}],"collection":[{"href":"https:\/\/zjarr.tv\/en\/wp-json\/wp\/v2\/posts"}],"about":[{"href":"https:\/\/zjarr.tv\/en\/wp-json\/wp\/v2\/types\/post"}],"author":[{"embeddable":true,"href":"https:\/\/zjarr.tv\/en\/wp-json\/wp\/v2\/users\/2013"}],"replies":[{"embeddable":true,"href":"https:\/\/zjarr.tv\/en\/wp-json\/wp\/v2\/comments?post=95568"}],"version-history":[{"count":0,"href":"https:\/\/zjarr.tv\/en\/wp-json\/wp\/v2\/posts\/95568\/revisions"}],"wp:featuredmedia":[{"embeddable":true,"href":"https:\/\/zjarr.tv\/en\/wp-json\/wp\/v2\/media\/95570"}],"wp:attachment":[{"href":"https:\/\/zjarr.tv\/en\/wp-json\/wp\/v2\/media?parent=95568"}],"wp:term":[{"taxonomy":"category","embeddable":true,"href":"https:\/\/zjarr.tv\/en\/wp-json\/wp\/v2\/categories?post=95568"},{"taxonomy":"post_tag","embeddable":true,"href":"https:\/\/zjarr.tv\/en\/wp-json\/wp\/v2\/tags?post=95568"}],"curies":[{"name":"wp","href":"https:\/\/api.w.org\/{rel}","templated":true}]}}