{"id":95572,"date":"2019-07-11T19:20:45","date_gmt":"2019-07-11T17:20:45","guid":{"rendered":"https:\/\/zjarr.tv\/?p=95572"},"modified":"2019-07-11T15:36:21","modified_gmt":"2019-07-11T13:36:21","slug":"shkencetarja-amerikane-gjendet-e-vr-are-ne-bunkerin-e-luftes-se-dyte-boterore-ne-krete","status":"publish","type":"post","link":"https:\/\/zjarr.tv\/en\/shkencetarja-amerikane-gjendet-e-vr-are-ne-bunkerin-e-luftes-se-dyte-boterore-ne-krete\/","title":{"rendered":"Shkenc\u00ebtarja amerikane gjendet e vr.ar\u00eb n\u00eb bunkerin e Luft\u00ebs s\u00eb Dyt\u00eb Bot\u00ebrore n\u00eb Kret\u00eb"},"content":{"rendered":"<p>Trupi i nj\u00eb shkenc\u00ebtareje amerikane \u00ebsht\u00eb gjetur brenda nj\u00eb bunkeri t\u00eb Luft\u00ebs s\u00eb Dyt\u00eb Bot\u00ebrore n\u00eb ishullin grek t\u00eb Kret\u00ebs.<\/p>\n<p>Suzanne Eaton, e cila u zhduk m\u00eb shum\u00eb se nj\u00eb jav\u00eb m\u00eb par\u00eb pasi shkoi p\u00ebr vrap, \u00ebsht\u00eb mbytur, konfirmoi policia p\u00ebr BBC.<\/p>\n<p>Rasti po hetohet si vrasje penale.<\/p>\n<p>59-vje\u00e7arja nga Instituti Max Planck me fam\u00eb bot\u00ebrore n\u00eb Gjermani shkoi n\u00eb ishull p\u00ebr t\u00eb marr\u00eb pjes\u00eb n\u00eb nj\u00eb konferenc\u00eb.<\/p>\n<p>Ajo u gjet n\u00eb nj\u00eb terren t\u00eb ashp\u00ebr dhe shk\u00ebmbor brenda bunkerit t\u00eb braktisur rreth 10 km larg nga ku u pa p\u00ebr her\u00eb t\u00eb fundit, n\u00eb Chania ku po mbahej konferenca.<\/p>\n<p>Suzanne u raportua e humbur n\u00eb 2 korrik dhe filloi nj\u00eb p\u00ebrpjekje e madhe k\u00ebrkimi.<\/p>\n<p>Gjasht\u00eb dit\u00eb m\u00eb von\u00eb, trupi i saj u zbulua nga dy banor\u00eb vendas q\u00eb po eksploronin bunkerin, i p\u00ebrdorur nga nazist\u00ebt gjat\u00eb okupimit t\u00eb Kret\u00ebs n\u00eb Luft\u00ebn e Dyt\u00eb Bot\u00ebrore.<\/p>\n<p>Nj\u00eb autopsi mjekoligjore tregoi se shkenc\u00ebtarja ishte mbytur.<\/p>\n<p>Policia po heton n\u00ebse Suzanne Eaton u vra brenda bunkerit apo u zhvendos aty pas ngjarjes.<\/p>\n<p>Faqja e internetit Greek Reporter tha se trupi i saj ishte mbuluar me \u00e7ar\u00e7af\u00eb dhe nj\u00eb leck\u00eb, duke udh\u00ebhequr autoritetet greke n\u00eb p\u00ebrfundimin se ajo ishte vrar\u00eb.<\/p>\n<p>Sipas nj\u00eb zyrtari lokal, zona rreth bunkerit, q\u00eb shtrihet n\u00eb veri-per\u00ebndim t\u00eb ishullit, \u00ebsht\u00eb nj\u00eb vend turistik popullor.<\/p>\n<p>&nbsp;<\/p>","protected":false},"excerpt":{"rendered":"<p>Trupi i nj\u00eb shkenc\u00ebtareje amerikane \u00ebsht\u00eb gjetur brenda nj\u00eb bunkeri t\u00eb Luft\u00ebs s\u00eb Dyt\u00eb Bot\u00ebrore n\u00eb ishullin grek t\u00eb Kret\u00ebs. Suzanne Eaton, e cila u zhduk m\u00eb shum\u00eb se nj\u00eb jav\u00eb m\u00eb par\u00eb pasi shkoi p\u00ebr vrap, \u00ebsht\u00eb mbytur, konfirmoi policia p\u00ebr BBC. Rasti po hetohet si vrasje penale. 59-vje\u00e7arja nga Instituti Max Planck me [&hellip;]<\/p>\n","protected":false},"author":2013,"featured_media":95432,"comment_status":"open","ping_status":"closed","sticky":false,"template":"","format":"standard","meta":{"footnotes":""},"categories":[241,2],"tags":[],"class_list":{"0":"post-95572","1":"post","2":"type-post","3":"status-publish","4":"format-standard","5":"has-post-thumbnail","7":"category-aktualitet","8":"category-rajoni"},"_links":{"self":[{"href":"https:\/\/zjarr.tv\/en\/wp-json\/wp\/v2\/posts\/95572","targetHints":{"allow":["GET"]}}],"collection":[{"href":"https:\/\/zjarr.tv\/en\/wp-json\/wp\/v2\/posts"}],"about":[{"href":"https:\/\/zjarr.tv\/en\/wp-json\/wp\/v2\/types\/post"}],"author":[{"embeddable":true,"href":"https:\/\/zjarr.tv\/en\/wp-json\/wp\/v2\/users\/2013"}],"replies":[{"embeddable":true,"href":"https:\/\/zjarr.tv\/en\/wp-json\/wp\/v2\/comments?post=95572"}],"version-history":[{"count":0,"href":"https:\/\/zjarr.tv\/en\/wp-json\/wp\/v2\/posts\/95572\/revisions"}],"wp:featuredmedia":[{"embeddable":true,"href":"https:\/\/zjarr.tv\/en\/wp-json\/wp\/v2\/media\/95432"}],"wp:attachment":[{"href":"https:\/\/zjarr.tv\/en\/wp-json\/wp\/v2\/media?parent=95572"}],"wp:term":[{"taxonomy":"category","embeddable":true,"href":"https:\/\/zjarr.tv\/en\/wp-json\/wp\/v2\/categories?post=95572"},{"taxonomy":"post_tag","embeddable":true,"href":"https:\/\/zjarr.tv\/en\/wp-json\/wp\/v2\/tags?post=95572"}],"curies":[{"name":"wp","href":"https:\/\/api.w.org\/{rel}","templated":true}]}}