{"id":95620,"date":"2019-07-11T16:13:11","date_gmt":"2019-07-11T14:13:11","guid":{"rendered":"https:\/\/zjarr.tv\/?p=95620"},"modified":"2019-07-11T16:13:11","modified_gmt":"2019-07-11T14:13:11","slug":"elbasan-permbyset-makina-dy-te-plagosur","status":"publish","type":"post","link":"https:\/\/zjarr.tv\/en\/elbasan-permbyset-makina-dy-te-plagosur\/","title":{"rendered":"Elbasan\/P\u00ebrmbyset makina, dy t\u00eb plagosur"},"content":{"rendered":"<p>Nj\u00eb aksident ka ndodhur mesdit\u00ebn e sotme n\u00eb qytetin e Elbasanit.<\/p>\n<p>B\u00ebhet me dije se dy mjete kan\u00eb humbur kontrollin dhe jan\u00eb p\u00ebrplasur me nj\u00ebri-tjetrin.<\/p>\n<p>Edhe pse, sipas informacioneve p\u00ebrplasja nuk ka q\u00ebn\u00eb shum\u00eb e fort\u00eb nj\u00ebri nga mjetet \u00ebsht\u00eb kthyer p\u00ebrmbys duket krijuar panik tek drejtuesit e tjer\u00eb por dhe tek k\u00ebmb\u00ebsor\u00ebt.<\/p>\n<p>Nd\u00ebrkaq nga aksidenti ka mbetur i plagosur vet\u00ebm nj\u00ebri prej drejtuesve t\u00eb mjetit, i cili \u00ebsht\u00eb jasht\u00eb rrezikut p\u00ebr jet\u00ebn.<\/p>\n<p>Policia dhe grupi hetimor \u00ebsht\u00eb n\u00eb vendngjarje p\u00ebr tr\u00eb b\u00ebr\u00eb zbardhjen e plot\u00eb t\u00eb shkaqeve.<\/p>\n<p>&nbsp;<\/p>","protected":false},"excerpt":{"rendered":"<p>Nj\u00eb aksident ka ndodhur mesdit\u00ebn e sotme n\u00eb qytetin e Elbasanit. B\u00ebhet me dije se dy mjete kan\u00eb humbur kontrollin dhe jan\u00eb p\u00ebrplasur me nj\u00ebri-tjetrin. Edhe pse, sipas informacioneve p\u00ebrplasja nuk ka q\u00ebn\u00eb shum\u00eb e fort\u00eb nj\u00ebri nga mjetet \u00ebsht\u00eb kthyer p\u00ebrmbys duket krijuar panik tek drejtuesit e tjer\u00eb por dhe tek k\u00ebmb\u00ebsor\u00ebt. Nd\u00ebrkaq nga [&hellip;]<\/p>\n","protected":false},"author":2013,"featured_media":38161,"comment_status":"open","ping_status":"closed","sticky":false,"template":"","format":"standard","meta":{"footnotes":""},"categories":[241,235],"tags":[],"class_list":{"0":"post-95620","1":"post","2":"type-post","3":"status-publish","4":"format-standard","5":"has-post-thumbnail","7":"category-aktualitet","8":"category-vendi"},"_links":{"self":[{"href":"https:\/\/zjarr.tv\/en\/wp-json\/wp\/v2\/posts\/95620","targetHints":{"allow":["GET"]}}],"collection":[{"href":"https:\/\/zjarr.tv\/en\/wp-json\/wp\/v2\/posts"}],"about":[{"href":"https:\/\/zjarr.tv\/en\/wp-json\/wp\/v2\/types\/post"}],"author":[{"embeddable":true,"href":"https:\/\/zjarr.tv\/en\/wp-json\/wp\/v2\/users\/2013"}],"replies":[{"embeddable":true,"href":"https:\/\/zjarr.tv\/en\/wp-json\/wp\/v2\/comments?post=95620"}],"version-history":[{"count":0,"href":"https:\/\/zjarr.tv\/en\/wp-json\/wp\/v2\/posts\/95620\/revisions"}],"wp:featuredmedia":[{"embeddable":true,"href":"https:\/\/zjarr.tv\/en\/wp-json\/wp\/v2\/media\/38161"}],"wp:attachment":[{"href":"https:\/\/zjarr.tv\/en\/wp-json\/wp\/v2\/media?parent=95620"}],"wp:term":[{"taxonomy":"category","embeddable":true,"href":"https:\/\/zjarr.tv\/en\/wp-json\/wp\/v2\/categories?post=95620"},{"taxonomy":"post_tag","embeddable":true,"href":"https:\/\/zjarr.tv\/en\/wp-json\/wp\/v2\/tags?post=95620"}],"curies":[{"name":"wp","href":"https:\/\/api.w.org\/{rel}","templated":true}]}}