{"id":95634,"date":"2019-07-11T17:14:46","date_gmt":"2019-07-11T15:14:46","guid":{"rendered":"https:\/\/zjarr.tv\/?p=95634"},"modified":"2019-07-11T17:14:46","modified_gmt":"2019-07-11T15:14:46","slug":"basha-mbledh-kryetaret-e-bashkive-te-djathta-ja-per-cfare-po-bisedohet","status":"publish","type":"post","link":"https:\/\/zjarr.tv\/en\/basha-mbledh-kryetaret-e-bashkive-te-djathta-ja-per-cfare-po-bisedohet\/","title":{"rendered":"Basha mbledh kryetar\u00ebt e bashkive t\u00eb djathta, ja p\u00ebr \u00e7far\u00eb po bisedohet"},"content":{"rendered":"<p>&nbsp;<\/p>\n<p>Kryetari i Opozit\u00ebs Lulzim Basha ka mbledhur n\u00eb selin\u00eb Blu, kryetar\u00ebt e bashkive t\u00eb djathta ku n\u00eb qend\u00ebr t\u00eb k\u00ebtij takimi \u00ebsht\u00eb vijueshm\u00ebria e aksiionit opozitar.<\/p>\n<p>Burime nga PD-ja tregojn\u00eb se ky \u00ebsht\u00eb nj\u00eb takim konsultativ, q\u00eb vjen n\u00eb vazhd\u00ebn e takimeve t\u00eb z.Basha n\u00eb rrethe.<\/p>\n<p>\u201cBasha do diskutoj\u00eb gjer\u00ebsisht axhend\u00ebn e opozit\u00ebs, nd\u00ebrsa t\u00eb premten pritet t\u00eb mbledh\u00eb Kryesin\u00eb dhe ish-grupin parlamentar\u201d, than\u00eb t\u00eb nj\u00ebjtat burime.<\/p>\n<p>Nd\u00ebrkaq, b\u00ebhet me dije se opozita do vijoj\u00eb protestat, pasi tashm\u00eb \u00ebsht\u00eb shtuar edhe mosnjohja e zgjedhjeve t\u00eb 30 qershorit.<\/p>\n<p>&nbsp;<\/p>","protected":false},"excerpt":{"rendered":"<p>&nbsp; Kryetari i Opozit\u00ebs Lulzim Basha ka mbledhur n\u00eb selin\u00eb Blu, kryetar\u00ebt e bashkive t\u00eb djathta ku n\u00eb qend\u00ebr t\u00eb k\u00ebtij takimi \u00ebsht\u00eb vijueshm\u00ebria e aksiionit opozitar. Burime nga PD-ja tregojn\u00eb se ky \u00ebsht\u00eb nj\u00eb takim konsultativ, q\u00eb vjen n\u00eb vazhd\u00ebn e takimeve t\u00eb z.Basha n\u00eb rrethe. \u201cBasha do diskutoj\u00eb gjer\u00ebsisht axhend\u00ebn e opozit\u00ebs, nd\u00ebrsa [&hellip;]<\/p>\n","protected":false},"author":2013,"featured_media":95635,"comment_status":"open","ping_status":"closed","sticky":false,"template":"","format":"standard","meta":{"footnotes":""},"categories":[241,235],"tags":[],"class_list":{"0":"post-95634","1":"post","2":"type-post","3":"status-publish","4":"format-standard","5":"has-post-thumbnail","7":"category-aktualitet","8":"category-vendi"},"_links":{"self":[{"href":"https:\/\/zjarr.tv\/en\/wp-json\/wp\/v2\/posts\/95634","targetHints":{"allow":["GET"]}}],"collection":[{"href":"https:\/\/zjarr.tv\/en\/wp-json\/wp\/v2\/posts"}],"about":[{"href":"https:\/\/zjarr.tv\/en\/wp-json\/wp\/v2\/types\/post"}],"author":[{"embeddable":true,"href":"https:\/\/zjarr.tv\/en\/wp-json\/wp\/v2\/users\/2013"}],"replies":[{"embeddable":true,"href":"https:\/\/zjarr.tv\/en\/wp-json\/wp\/v2\/comments?post=95634"}],"version-history":[{"count":0,"href":"https:\/\/zjarr.tv\/en\/wp-json\/wp\/v2\/posts\/95634\/revisions"}],"wp:featuredmedia":[{"embeddable":true,"href":"https:\/\/zjarr.tv\/en\/wp-json\/wp\/v2\/media\/95635"}],"wp:attachment":[{"href":"https:\/\/zjarr.tv\/en\/wp-json\/wp\/v2\/media?parent=95634"}],"wp:term":[{"taxonomy":"category","embeddable":true,"href":"https:\/\/zjarr.tv\/en\/wp-json\/wp\/v2\/categories?post=95634"},{"taxonomy":"post_tag","embeddable":true,"href":"https:\/\/zjarr.tv\/en\/wp-json\/wp\/v2\/tags?post=95634"}],"curies":[{"name":"wp","href":"https:\/\/api.w.org\/{rel}","templated":true}]}}