{"id":95645,"date":"2019-07-11T17:28:07","date_gmt":"2019-07-11T15:28:07","guid":{"rendered":"https:\/\/zjarr.tv\/?p=95645"},"modified":"2019-07-11T17:28:07","modified_gmt":"2019-07-11T15:28:07","slug":"qeveria-e-kosoves-nis-mbledhjen-me-nje-minute-heshtje","status":"publish","type":"post","link":"https:\/\/zjarr.tv\/en\/qeveria-e-kosoves-nis-mbledhjen-me-nje-minute-heshtje\/","title":{"rendered":"Qeveria e Kosov\u00ebs nis mbledhjen me nj\u00eb minut\u00eb heshtje"},"content":{"rendered":"<p>Qeveria e Kosov\u00ebs ka nisur mbledhjen e sotme me nj\u00eb minut\u00eb heshtje, n\u00eb shenj\u00eb nderimi p\u00ebr p\u00ebrvjetorin e masakr\u00ebs s\u00eb Srebrenic\u00ebs, raporton zeri.info.<\/p>\n<p>N\u00eb mbledhjen e sotme t\u00eb qeveris\u00eb nd\u00ebr t\u00eb tjera pritet t\u00eb b\u00ebhet shqyrtimi i propozim-vendimit preliminar p\u00ebr shpron\u00ebsim t\u00eb pronave t\u00eb paluajtshme t\u00eb ish-nd\u00ebrmarrjes OBP \u201cProdukt\u201d Zona Kadastrale Polac i Ri n\u00eb Skenderaj, t\u00eb cilat preken nga realizimi i projektit \u201cNd\u00ebrtimi i Parkut t\u00eb Biznesit\u201d.<\/p>\n<p>&nbsp;<\/p>","protected":false},"excerpt":{"rendered":"<p>Qeveria e Kosov\u00ebs ka nisur mbledhjen e sotme me nj\u00eb minut\u00eb heshtje, n\u00eb shenj\u00eb nderimi p\u00ebr p\u00ebrvjetorin e masakr\u00ebs s\u00eb Srebrenic\u00ebs, raporton zeri.info. N\u00eb mbledhjen e sotme t\u00eb qeveris\u00eb nd\u00ebr t\u00eb tjera pritet t\u00eb b\u00ebhet shqyrtimi i propozim-vendimit preliminar p\u00ebr shpron\u00ebsim t\u00eb pronave t\u00eb paluajtshme t\u00eb ish-nd\u00ebrmarrjes OBP \u201cProdukt\u201d Zona Kadastrale Polac i Ri n\u00eb [&hellip;]<\/p>\n","protected":false},"author":2013,"featured_media":65696,"comment_status":"open","ping_status":"closed","sticky":false,"template":"","format":"standard","meta":{"footnotes":""},"categories":[241,2],"tags":[],"class_list":{"0":"post-95645","1":"post","2":"type-post","3":"status-publish","4":"format-standard","5":"has-post-thumbnail","7":"category-aktualitet","8":"category-rajoni"},"_links":{"self":[{"href":"https:\/\/zjarr.tv\/en\/wp-json\/wp\/v2\/posts\/95645","targetHints":{"allow":["GET"]}}],"collection":[{"href":"https:\/\/zjarr.tv\/en\/wp-json\/wp\/v2\/posts"}],"about":[{"href":"https:\/\/zjarr.tv\/en\/wp-json\/wp\/v2\/types\/post"}],"author":[{"embeddable":true,"href":"https:\/\/zjarr.tv\/en\/wp-json\/wp\/v2\/users\/2013"}],"replies":[{"embeddable":true,"href":"https:\/\/zjarr.tv\/en\/wp-json\/wp\/v2\/comments?post=95645"}],"version-history":[{"count":0,"href":"https:\/\/zjarr.tv\/en\/wp-json\/wp\/v2\/posts\/95645\/revisions"}],"wp:featuredmedia":[{"embeddable":true,"href":"https:\/\/zjarr.tv\/en\/wp-json\/wp\/v2\/media\/65696"}],"wp:attachment":[{"href":"https:\/\/zjarr.tv\/en\/wp-json\/wp\/v2\/media?parent=95645"}],"wp:term":[{"taxonomy":"category","embeddable":true,"href":"https:\/\/zjarr.tv\/en\/wp-json\/wp\/v2\/categories?post=95645"},{"taxonomy":"post_tag","embeddable":true,"href":"https:\/\/zjarr.tv\/en\/wp-json\/wp\/v2\/tags?post=95645"}],"curies":[{"name":"wp","href":"https:\/\/api.w.org\/{rel}","templated":true}]}}