{"id":95664,"date":"2019-07-11T18:00:26","date_gmt":"2019-07-11T16:00:26","guid":{"rendered":"https:\/\/zjarr.tv\/?p=95664"},"modified":"2019-07-11T18:00:26","modified_gmt":"2019-07-11T16:00:26","slug":"liria-e-medias-ne-shqiperi-osbe-publikon-raportin-ligjor","status":"publish","type":"post","link":"https:\/\/zjarr.tv\/en\/liria-e-medias-ne-shqiperi-osbe-publikon-raportin-ligjor\/","title":{"rendered":"Liria e medias n\u00eb Shqip\u00ebri, OSBE publikon raportin ligjor"},"content":{"rendered":"<p>P\u00ebrfaq\u00ebsuesi i OSBE-s\u00eb p\u00ebr Lirin\u00eb e Medias, Harlem D\u00e9sir ka publikuar sot nj\u00eb shqyrtim ligjor t\u00eb Projektligjit p\u00ebr Sh\u00ebrbimet e Medias n\u00eb Shqip\u00ebri. Ky publikim vjen pas konsultimeve mbi procesin e hartimit me p\u00ebrfaq\u00ebsuesit e Qeveris\u00eb gjat\u00eb muajve t\u00eb fundit.<\/p>\n<p>\u201c\u00cbsht\u00eb e nevojshme q\u00eb legjislacioni i ardhsh\u00ebm t\u00eb respektoj\u00eb standardet nd\u00ebrkomb\u00ebtare dhe angazhimet e OSBE-s\u00eb p\u00ebr lirin\u00eb e shprehjes dhe q\u00eb t\u00eb mos ndikoj\u00eb negativisht n\u00eb lirin\u00eb e medias n\u00eb vend\u201d-\u00a0 tha ai.<\/p>\n<p>P\u00ebrfaq\u00ebsuesi kujtoi se bllokimi ose pezullimi i botimeve n\u00eb internet konsiderohet nj\u00eb mas\u00eb ekstreme e shtetit kundrejt t\u00eb drejt\u00ebs s\u00eb liris\u00eb s\u00eb shprehjes dhe p\u00ebr k\u00ebt\u00eb arsye pranohet nga standardet nd\u00ebrkomb\u00ebtare vet\u00ebm n\u00eb rastet e shkeljeve shum\u00eb serioze t\u00eb t\u00eb drejtave t\u00eb tjera t\u00eb njeriut ose parimeve demokratike, ose kur masa t\u00eb tjera nuk mund t\u00eb zbatohen.<\/p>\n<p>&nbsp;<\/p>","protected":false},"excerpt":{"rendered":"<p>P\u00ebrfaq\u00ebsuesi i OSBE-s\u00eb p\u00ebr Lirin\u00eb e Medias, Harlem D\u00e9sir ka publikuar sot nj\u00eb shqyrtim ligjor t\u00eb Projektligjit p\u00ebr Sh\u00ebrbimet e Medias n\u00eb Shqip\u00ebri. Ky publikim vjen pas konsultimeve mbi procesin e hartimit me p\u00ebrfaq\u00ebsuesit e Qeveris\u00eb gjat\u00eb muajve t\u00eb fundit. \u201c\u00cbsht\u00eb e nevojshme q\u00eb legjislacioni i ardhsh\u00ebm t\u00eb respektoj\u00eb standardet nd\u00ebrkomb\u00ebtare dhe angazhimet e OSBE-s\u00eb [&hellip;]<\/p>\n","protected":false},"author":2013,"featured_media":55299,"comment_status":"open","ping_status":"closed","sticky":false,"template":"","format":"standard","meta":{"footnotes":""},"categories":[241,235],"tags":[],"class_list":{"0":"post-95664","1":"post","2":"type-post","3":"status-publish","4":"format-standard","5":"has-post-thumbnail","7":"category-aktualitet","8":"category-vendi"},"_links":{"self":[{"href":"https:\/\/zjarr.tv\/en\/wp-json\/wp\/v2\/posts\/95664","targetHints":{"allow":["GET"]}}],"collection":[{"href":"https:\/\/zjarr.tv\/en\/wp-json\/wp\/v2\/posts"}],"about":[{"href":"https:\/\/zjarr.tv\/en\/wp-json\/wp\/v2\/types\/post"}],"author":[{"embeddable":true,"href":"https:\/\/zjarr.tv\/en\/wp-json\/wp\/v2\/users\/2013"}],"replies":[{"embeddable":true,"href":"https:\/\/zjarr.tv\/en\/wp-json\/wp\/v2\/comments?post=95664"}],"version-history":[{"count":0,"href":"https:\/\/zjarr.tv\/en\/wp-json\/wp\/v2\/posts\/95664\/revisions"}],"wp:featuredmedia":[{"embeddable":true,"href":"https:\/\/zjarr.tv\/en\/wp-json\/wp\/v2\/media\/55299"}],"wp:attachment":[{"href":"https:\/\/zjarr.tv\/en\/wp-json\/wp\/v2\/media?parent=95664"}],"wp:term":[{"taxonomy":"category","embeddable":true,"href":"https:\/\/zjarr.tv\/en\/wp-json\/wp\/v2\/categories?post=95664"},{"taxonomy":"post_tag","embeddable":true,"href":"https:\/\/zjarr.tv\/en\/wp-json\/wp\/v2\/tags?post=95664"}],"curies":[{"name":"wp","href":"https:\/\/api.w.org\/{rel}","templated":true}]}}