{"id":95672,"date":"2019-07-11T18:12:26","date_gmt":"2019-07-11T16:12:26","guid":{"rendered":"https:\/\/zjarr.tv\/?p=95672"},"modified":"2019-07-11T18:12:26","modified_gmt":"2019-07-11T16:12:26","slug":"oshee-probleme-ne-rrjet-ne-sarande-zonat-ku-do-nderpritet-energjia","status":"publish","type":"post","link":"https:\/\/zjarr.tv\/en\/oshee-probleme-ne-rrjet-ne-sarande-zonat-ku-do-nderpritet-energjia\/","title":{"rendered":"OSHEE: Probleme n\u00eb rrjet n\u00eb Sarand\u00eb, zonat ku do nd\u00ebrpritet energjia"},"content":{"rendered":"<p>Operatori i Energjis\u00eb Elektrike, OSHEE njofton se ka stakua energjin\u00eb elektrike n\u00eb disa zona t\u00eb Sarand\u00ebs.<\/p>\n<p>OSHEE thot\u00eb se energjia u nd\u00ebrpre p\u00ebr shkak t\u00eb nj\u00eb avarie n\u00eb nj\u00eb zon\u00eb n\u00eb linj\u00ebn \u00a0L30-22 Bistrica 2\u2013 Saranda 1.<\/p>\n<p><strong>Njoftim p\u00ebr abonent\u00ebt Sarand\u00eb<\/strong><\/p>\n<p>P\u00ebr shkak t\u00eb nj\u00eb avarie n\u00eb linj\u00ebn L30-22 Bistrica 2\u2013 Saranda 1, sot n\u00eb or\u00ebn 16:10 \u00ebsht\u00eb stakuar energjia n\u00eb disa zona n\u00eb Sarand\u00eb:<\/p>\n<p>Lukov\u00eb,B\u00ebrdenesh, Bashkia Sarande, \u00c7uk\u00eb, Metoq, Gjasht\u00eb, Shelegar,<\/p>\n<p>Bregas, Vrion, Vromero, Coraj, Ftere, Piqeras, Sasaj, Krek\u00ebz, Sh\u00ebnvasi, Nivic bubar, Livadhja, Konispol, Markat, Aliko.<\/p>\n<p>Punimet do t\u00eb zgjasin rreth 60 minuta.<\/p>\n<p>&nbsp;<\/p>","protected":false},"excerpt":{"rendered":"<p>Operatori i Energjis\u00eb Elektrike, OSHEE njofton se ka stakua energjin\u00eb elektrike n\u00eb disa zona t\u00eb Sarand\u00ebs. OSHEE thot\u00eb se energjia u nd\u00ebrpre p\u00ebr shkak t\u00eb nj\u00eb avarie n\u00eb nj\u00eb zon\u00eb n\u00eb linj\u00ebn \u00a0L30-22 Bistrica 2\u2013 Saranda 1. Njoftim p\u00ebr abonent\u00ebt Sarand\u00eb P\u00ebr shkak t\u00eb nj\u00eb avarie n\u00eb linj\u00ebn L30-22 Bistrica 2\u2013 Saranda 1, sot n\u00eb [&hellip;]<\/p>\n","protected":false},"author":2013,"featured_media":56897,"comment_status":"open","ping_status":"closed","sticky":false,"template":"","format":"standard","meta":{"footnotes":""},"categories":[241,235],"tags":[],"class_list":{"0":"post-95672","1":"post","2":"type-post","3":"status-publish","4":"format-standard","5":"has-post-thumbnail","7":"category-aktualitet","8":"category-vendi"},"_links":{"self":[{"href":"https:\/\/zjarr.tv\/en\/wp-json\/wp\/v2\/posts\/95672","targetHints":{"allow":["GET"]}}],"collection":[{"href":"https:\/\/zjarr.tv\/en\/wp-json\/wp\/v2\/posts"}],"about":[{"href":"https:\/\/zjarr.tv\/en\/wp-json\/wp\/v2\/types\/post"}],"author":[{"embeddable":true,"href":"https:\/\/zjarr.tv\/en\/wp-json\/wp\/v2\/users\/2013"}],"replies":[{"embeddable":true,"href":"https:\/\/zjarr.tv\/en\/wp-json\/wp\/v2\/comments?post=95672"}],"version-history":[{"count":0,"href":"https:\/\/zjarr.tv\/en\/wp-json\/wp\/v2\/posts\/95672\/revisions"}],"wp:featuredmedia":[{"embeddable":true,"href":"https:\/\/zjarr.tv\/en\/wp-json\/wp\/v2\/media\/56897"}],"wp:attachment":[{"href":"https:\/\/zjarr.tv\/en\/wp-json\/wp\/v2\/media?parent=95672"}],"wp:term":[{"taxonomy":"category","embeddable":true,"href":"https:\/\/zjarr.tv\/en\/wp-json\/wp\/v2\/categories?post=95672"},{"taxonomy":"post_tag","embeddable":true,"href":"https:\/\/zjarr.tv\/en\/wp-json\/wp\/v2\/tags?post=95672"}],"curies":[{"name":"wp","href":"https:\/\/api.w.org\/{rel}","templated":true}]}}