{"id":95765,"date":"2019-07-12T19:10:07","date_gmt":"2019-07-12T17:10:07","guid":{"rendered":"https:\/\/zjarr.tv\/?p=95765"},"modified":"2019-07-12T16:18:39","modified_gmt":"2019-07-12T14:18:39","slug":"shba-do-te-nise-debimin-masiv-te-imigranteve-te-paligjshem","status":"publish","type":"post","link":"https:\/\/zjarr.tv\/en\/shba-do-te-nise-debimin-masiv-te-imigranteve-te-paligjshem\/","title":{"rendered":"SHBA do t\u00eb nis\u00eb d\u00ebbimin masiv t\u00eb imigrant\u00ebve t\u00eb paligjsh\u00ebm"},"content":{"rendered":"<p>Shtetet e Bashkuara than\u00eb se do t\u00eb nisin arrestimin e s\u00eb paku 2,000 familjeve imigrante, q\u00eb ligj\u00ebrisht do t\u00eb mund t\u00eb d\u00ebbohen.<\/p>\n<p>Operacioni mbar\u00ebkomb\u00ebtar u k\u00ebrkua nga presidenti Donald Trump, i cili premtoi se do t\u00eb largoj\u00eb &#8220;miliona&#8221; banor\u00eb t\u00eb paligjsh\u00ebm nga SHBA-ja.<\/p>\n<p>Operacioni pritet t\u00eb nis\u00eb m\u00eb 14 korrik, pasi u shty muajin e kaluar.<\/p>\n<p>Gazeta New York Times raportoi se bastisjet jan\u00eb shtyr\u00eb p\u00ebr shkak t\u00eb mospajtimeve brenda administrat\u00ebs.<\/p>\n<p>Mb\u00ebshtet\u00ebsit e t\u00eb drejtave t\u00eb imigrant\u00ebve shpreh\u00ebn zem\u00ebrim mbi bastisjet e planifikuara n\u00eb dhjet\u00eb qytete t\u00eb m\u00ebdha.<\/p>\n<p>Operacione t\u00eb ngjashme ka pasur edhe n\u00eb t\u00eb kaluar\u00ebn, megjith\u00ebse \u00ebsht\u00eb e pazakonshme t\u00eb sh\u00ebnjestrohen familje dhe jo imigrant\u00eb me histori kriminale.<\/p>\n<p>Trump e ka b\u00ebr\u00eb trajtimin e imigrimit t\u00eb paligjsh\u00ebm prioritet t\u00eb administrat\u00ebs s\u00eb tij, edhe pse kritik\u00ebt thon\u00eb se ai p\u00ebrpiqet t\u00eb krijoj\u00eb armiq\u00ebsi ndaj popullatave migrante p\u00ebr q\u00ebllime politike.<\/p>\n<p>&nbsp;<\/p>","protected":false},"excerpt":{"rendered":"<p>Shtetet e Bashkuara than\u00eb se do t\u00eb nisin arrestimin e s\u00eb paku 2,000 familjeve imigrante, q\u00eb ligj\u00ebrisht do t\u00eb mund t\u00eb d\u00ebbohen. Operacioni mbar\u00ebkomb\u00ebtar u k\u00ebrkua nga presidenti Donald Trump, i cili premtoi se do t\u00eb largoj\u00eb &#8220;miliona&#8221; banor\u00eb t\u00eb paligjsh\u00ebm nga SHBA-ja. Operacioni pritet t\u00eb nis\u00eb m\u00eb 14 korrik, pasi u shty muajin e [&hellip;]<\/p>\n","protected":false},"author":2013,"featured_media":95766,"comment_status":"open","ping_status":"closed","sticky":false,"template":"","format":"standard","meta":{"footnotes":""},"categories":[241,191],"tags":[],"class_list":{"0":"post-95765","1":"post","2":"type-post","3":"status-publish","4":"format-standard","5":"has-post-thumbnail","7":"category-aktualitet","8":"category-bota"},"_links":{"self":[{"href":"https:\/\/zjarr.tv\/en\/wp-json\/wp\/v2\/posts\/95765","targetHints":{"allow":["GET"]}}],"collection":[{"href":"https:\/\/zjarr.tv\/en\/wp-json\/wp\/v2\/posts"}],"about":[{"href":"https:\/\/zjarr.tv\/en\/wp-json\/wp\/v2\/types\/post"}],"author":[{"embeddable":true,"href":"https:\/\/zjarr.tv\/en\/wp-json\/wp\/v2\/users\/2013"}],"replies":[{"embeddable":true,"href":"https:\/\/zjarr.tv\/en\/wp-json\/wp\/v2\/comments?post=95765"}],"version-history":[{"count":0,"href":"https:\/\/zjarr.tv\/en\/wp-json\/wp\/v2\/posts\/95765\/revisions"}],"wp:featuredmedia":[{"embeddable":true,"href":"https:\/\/zjarr.tv\/en\/wp-json\/wp\/v2\/media\/95766"}],"wp:attachment":[{"href":"https:\/\/zjarr.tv\/en\/wp-json\/wp\/v2\/media?parent=95765"}],"wp:term":[{"taxonomy":"category","embeddable":true,"href":"https:\/\/zjarr.tv\/en\/wp-json\/wp\/v2\/categories?post=95765"},{"taxonomy":"post_tag","embeddable":true,"href":"https:\/\/zjarr.tv\/en\/wp-json\/wp\/v2\/tags?post=95765"}],"curies":[{"name":"wp","href":"https:\/\/api.w.org\/{rel}","templated":true}]}}