{"id":95909,"date":"2019-07-13T16:17:30","date_gmt":"2019-07-13T14:17:30","guid":{"rendered":"https:\/\/zjarr.tv\/?p=95909"},"modified":"2019-07-13T16:17:30","modified_gmt":"2019-07-13T14:17:30","slug":"manjani-te-dale-dikush-te-ndaloje-largimin-e-shqiptareve","status":"publish","type":"post","link":"https:\/\/zjarr.tv\/en\/manjani-te-dale-dikush-te-ndaloje-largimin-e-shqiptareve\/","title":{"rendered":"Manjani: T\u00eb dal\u00eb dikush t\u00eb ndaloj\u00eb largimin e shqiptar\u00ebve"},"content":{"rendered":"<p>Teksa mij\u00ebra shqiptar\u00eb, kryesisht t\u00eb rinj, e shohin shp\u00ebtimin dhe t\u00eb ardhmen e tre larg Shqip\u00ebris\u00eb, ish ministri i drejt\u00ebsis\u00eb Ylli Manjani ka nj\u00eb apel p\u00ebr klas\u00ebn politike dhe jo vet\u00ebm.<\/p>\n<p>Sipas tij, popullsia dhe territori jan\u00eb dy element\u00ebt klasik\u00eb t\u00eb nj\u00eb shteti. N\u00ebse territori shpopullohet edhe shteti merr fund&#8230;<\/p>\n<p>Postimi i plot\u00eb i Ylli Manjanit:<\/p>\n<p>Ore si nuk kam d\u00ebgjuar nj\u00eb program, projekt apo thirrje, deklarat\u00eb, qoft\u00eb edhe nj\u00eb fjali t\u00eb vetme t\u00eb artikuluar nga dikush q\u00eb t\u00eb ndaloj\u00eb largimin e shqiptar\u00ebve nga vendi i tyre?!<\/p>\n<p>As p\u00ebr sy e faqe, as p\u00ebr hi syve. Fare! Asnj\u00eb fjal\u00eb t\u00eb vetme!<\/p>\n<p>As nga qeveria e as nga opozita.<\/p>\n<p>Kulmi!<\/p>\n<p>P\u00ebrkundrazi, vet\u00eb i yshtin njer\u00ebzit t\u00eb ikin. P\u00ebr t\u00eb nj\u00ebt\u00ebn pun\u00eb q\u00eb b\u00ebjn\u00eb k\u00ebtu, ikin n\u00eb Gjermani. IKIN!<\/p>\n<p>Popullsia dhe territori jan\u00eb dy element\u00ebt klasik\u00eb t\u00eb nj\u00eb shteti. N\u00ebse territori shpopullohet edhe shteti merr fund&#8230;<\/p>\n<p>Ruajtja e popullsis\u00eb n\u00eb territorin e saj \u00ebsht\u00eb detyr\u00eb e \u00e7do shtetari.<\/p>\n<p>&nbsp;<\/p>","protected":false},"excerpt":{"rendered":"<p>Teksa mij\u00ebra shqiptar\u00eb, kryesisht t\u00eb rinj, e shohin shp\u00ebtimin dhe t\u00eb ardhmen e tre larg Shqip\u00ebris\u00eb, ish ministri i drejt\u00ebsis\u00eb Ylli Manjani ka nj\u00eb apel p\u00ebr klas\u00ebn politike dhe jo vet\u00ebm. Sipas tij, popullsia dhe territori jan\u00eb dy element\u00ebt klasik\u00eb t\u00eb nj\u00eb shteti. N\u00ebse territori shpopullohet edhe shteti merr fund&#8230; Postimi i plot\u00eb i Ylli [&hellip;]<\/p>\n","protected":false},"author":2013,"featured_media":57055,"comment_status":"open","ping_status":"closed","sticky":false,"template":"","format":"standard","meta":{"footnotes":""},"categories":[241,235],"tags":[],"class_list":{"0":"post-95909","1":"post","2":"type-post","3":"status-publish","4":"format-standard","5":"has-post-thumbnail","7":"category-aktualitet","8":"category-vendi"},"_links":{"self":[{"href":"https:\/\/zjarr.tv\/en\/wp-json\/wp\/v2\/posts\/95909","targetHints":{"allow":["GET"]}}],"collection":[{"href":"https:\/\/zjarr.tv\/en\/wp-json\/wp\/v2\/posts"}],"about":[{"href":"https:\/\/zjarr.tv\/en\/wp-json\/wp\/v2\/types\/post"}],"author":[{"embeddable":true,"href":"https:\/\/zjarr.tv\/en\/wp-json\/wp\/v2\/users\/2013"}],"replies":[{"embeddable":true,"href":"https:\/\/zjarr.tv\/en\/wp-json\/wp\/v2\/comments?post=95909"}],"version-history":[{"count":0,"href":"https:\/\/zjarr.tv\/en\/wp-json\/wp\/v2\/posts\/95909\/revisions"}],"wp:featuredmedia":[{"embeddable":true,"href":"https:\/\/zjarr.tv\/en\/wp-json\/wp\/v2\/media\/57055"}],"wp:attachment":[{"href":"https:\/\/zjarr.tv\/en\/wp-json\/wp\/v2\/media?parent=95909"}],"wp:term":[{"taxonomy":"category","embeddable":true,"href":"https:\/\/zjarr.tv\/en\/wp-json\/wp\/v2\/categories?post=95909"},{"taxonomy":"post_tag","embeddable":true,"href":"https:\/\/zjarr.tv\/en\/wp-json\/wp\/v2\/tags?post=95909"}],"curies":[{"name":"wp","href":"https:\/\/api.w.org\/{rel}","templated":true}]}}