{"id":96759,"date":"2019-07-17T13:44:19","date_gmt":"2019-07-17T11:44:19","guid":{"rendered":"https:\/\/zjarr.tv\/?p=96759"},"modified":"2019-07-17T13:44:19","modified_gmt":"2019-07-17T11:44:19","slug":"ironia-e-vasilit-president-rama-e-paska-mbaruar-me-sukses-integrimin-qe-ne-2018","status":"publish","type":"post","link":"https:\/\/zjarr.tv\/en\/ironia-e-vasilit-president-rama-e-paska-mbaruar-me-sukses-integrimin-qe-ne-2018\/","title":{"rendered":"Ironia e Vasilit: President, Rama e paska mbaruar &#8216;me sukses&#8217; integrimin q\u00eb n\u00eb 2018!"},"content":{"rendered":"<p>Petrit Vasili, n\u00ebnkryetari i LSI, ka shprehur dyshimet e tij se mesazhet q\u00eb Presidenti Ilir Meta po ia d\u00ebrgon n\u00eb vazhdim\u00ebsi Kryeministrit p\u00ebr ta angazhuar n\u00eb zgjidhjen e kriz\u00ebs politike, po d\u00ebgjohen nga Rama. Vasili e ka gjetur edhe shpjegimin pse sipas tij, Rama i ka hapur me koh\u00eb negociatat dhe nuk ka ndonj\u00eb ngut p\u00ebr 19 tetorin. N\u00eb nj\u00eb mesazh t\u00eb publikuar sot n\u00eb Fb me nj\u00eb video, Vasili shprehet:<\/p>\n<p>\u201cDruaj se Presidenti po flet kot! \u2013 dhe Vasili publikon videon e fjalimit t\u00eb Ram\u00ebs. &#8211; \u00a0P\u00ebrse \u00ebsht\u00eb kaq i preokupuar Presidenti se do t\u00eb ngelet s\u00ebrish n\u00eb vjesht\u00eb qeveria dhe n\u00eb 19 tetor p\u00ebr integrimin europian?- vazhdon ai m\u00eb tej. &#8211; \u00a0Nuk e di Presidenti se Qeveria e ka mbaruar me sukses t\u00eb plot\u00eb integrimin europian q\u00eb n\u00eb 27 qershor 2018 bile ka marr\u00eb dhe dat\u00ebn, sigurisht imagjinare.<\/p>\n<p>Edi Rama u ka ndar\u00eb edhe dekorata ambasador\u00ebve p\u00ebr k\u00ebt\u00ebe sukses t\u00eb papar\u00eb. Ndaj, i nderuar President v\u00ebri n\u00eb pun\u00eb k\u00ebshilltar\u00ebt e tu. Meq\u00eb ata nuk t\u00eb informojn\u00eb, po jua tregoj un\u00eb edhe me video k\u00ebt\u00eb sukses, q\u00eb Kryeministri e ka arritur me koh\u00eb dhe q\u00eb ju nuk e keni marr\u00eb vesh akoma,\u201d e p\u00ebrfundon po me ironi, qendrimin e tij, n\u00ebnkryetari i LSI.<\/p>\n<p>&nbsp;<\/p>","protected":false},"excerpt":{"rendered":"<p>Petrit Vasili, n\u00ebnkryetari i LSI, ka shprehur dyshimet e tij se mesazhet q\u00eb Presidenti Ilir Meta po ia d\u00ebrgon n\u00eb vazhdim\u00ebsi Kryeministrit p\u00ebr ta angazhuar n\u00eb zgjidhjen e kriz\u00ebs politike, po d\u00ebgjohen nga Rama. Vasili e ka gjetur edhe shpjegimin pse sipas tij, Rama i ka hapur me koh\u00eb negociatat dhe nuk ka ndonj\u00eb ngut [&hellip;]<\/p>\n","protected":false},"author":2013,"featured_media":70162,"comment_status":"open","ping_status":"closed","sticky":false,"template":"","format":"standard","meta":{"footnotes":""},"categories":[241,235],"tags":[],"class_list":{"0":"post-96759","1":"post","2":"type-post","3":"status-publish","4":"format-standard","5":"has-post-thumbnail","7":"category-aktualitet","8":"category-vendi"},"_links":{"self":[{"href":"https:\/\/zjarr.tv\/en\/wp-json\/wp\/v2\/posts\/96759","targetHints":{"allow":["GET"]}}],"collection":[{"href":"https:\/\/zjarr.tv\/en\/wp-json\/wp\/v2\/posts"}],"about":[{"href":"https:\/\/zjarr.tv\/en\/wp-json\/wp\/v2\/types\/post"}],"author":[{"embeddable":true,"href":"https:\/\/zjarr.tv\/en\/wp-json\/wp\/v2\/users\/2013"}],"replies":[{"embeddable":true,"href":"https:\/\/zjarr.tv\/en\/wp-json\/wp\/v2\/comments?post=96759"}],"version-history":[{"count":0,"href":"https:\/\/zjarr.tv\/en\/wp-json\/wp\/v2\/posts\/96759\/revisions"}],"wp:featuredmedia":[{"embeddable":true,"href":"https:\/\/zjarr.tv\/en\/wp-json\/wp\/v2\/media\/70162"}],"wp:attachment":[{"href":"https:\/\/zjarr.tv\/en\/wp-json\/wp\/v2\/media?parent=96759"}],"wp:term":[{"taxonomy":"category","embeddable":true,"href":"https:\/\/zjarr.tv\/en\/wp-json\/wp\/v2\/categories?post=96759"},{"taxonomy":"post_tag","embeddable":true,"href":"https:\/\/zjarr.tv\/en\/wp-json\/wp\/v2\/tags?post=96759"}],"curies":[{"name":"wp","href":"https:\/\/api.w.org\/{rel}","templated":true}]}}