{"id":96761,"date":"2019-07-17T13:46:14","date_gmt":"2019-07-17T11:46:14","guid":{"rendered":"https:\/\/zjarr.tv\/?p=96761"},"modified":"2019-07-17T13:46:14","modified_gmt":"2019-07-17T11:46:14","slug":"meta-propozon-kandidatin-per-kryetar-te-klsh-se","status":"publish","type":"post","link":"https:\/\/zjarr.tv\/en\/meta-propozon-kandidatin-per-kryetar-te-klsh-se\/","title":{"rendered":"Meta propozon kandidatin p\u00ebr kryetar t\u00eb KLSH-s\u00eb"},"content":{"rendered":"<p>Presidenti Ilir Meta ka vendosur t\u2019i propozoj\u00eb\u00a0 Kuvendit si kandidat p\u00ebr postin e kryetarit t\u00eb Kontrollit t\u00eb Lart\u00eb t\u00eb Shtetit, Prof. Dok. Petraq Milo.<\/p>\n<p>Por kush \u00ebsht\u00eb Prof.Dok. Petraq Milo? Ai \u00ebsht\u00eb nj\u00eb personalitet me eksperienc\u00eb brenda dhe jasht\u00eb vendit n\u00eb fush\u00ebn e financave, t\u00eb auditit, t\u00eb bankave dhe t\u00eb ekonomis\u00eb n\u00eb t\u00ebr\u00ebsi, gjithashtu pikaset p\u00ebr kontributin n\u00eb drejtimin e institucioneve fiskale e bankare n\u00eb Kosov\u00eb.<\/p>\n<p>Zgjedhja e presidentit \u00ebsht\u00eb mb\u00ebshtetur fort tek p\u00ebrvoja e tij akademike, brenda dhe jasht\u00eb vendit, si edhe tek bashk\u00ebpunimi me institucionet m\u00eb t\u00eb r\u00ebnd\u00ebsishme financiare bot\u00ebrore dhe t\u00eb Bashkimit Europian.<\/p>\n<p>\u201cPresidenti Meta do ta d\u00ebrgoj\u00eb brenda dit\u00ebs s\u00eb sotme propozimin e tij Kuvendit, me besimin e plot\u00eb se do ta shqyrtoj\u00eb k\u00ebt\u00eb kandidatur\u00eb brenda k\u00ebtij sesioni parlamentar, me objektivitet dhe p\u00ebrgjegjshm\u00ebri, q\u00eb KLSH t\u00eb funksionoj\u00eb n\u00eb m\u00ebnyr\u00eb plot\u00ebsisht kushtetuese e ligjore\u201d-thuhet n\u00eb deklarat\u00ebn e Presidenc\u00ebs.<\/p>\n<p>&nbsp;<\/p>","protected":false},"excerpt":{"rendered":"<p>Presidenti Ilir Meta ka vendosur t\u2019i propozoj\u00eb\u00a0 Kuvendit si kandidat p\u00ebr postin e kryetarit t\u00eb Kontrollit t\u00eb Lart\u00eb t\u00eb Shtetit, Prof. Dok. Petraq Milo. Por kush \u00ebsht\u00eb Prof.Dok. Petraq Milo? Ai \u00ebsht\u00eb nj\u00eb personalitet me eksperienc\u00eb brenda dhe jasht\u00eb vendit n\u00eb fush\u00ebn e financave, t\u00eb auditit, t\u00eb bankave dhe t\u00eb ekonomis\u00eb n\u00eb t\u00ebr\u00ebsi, gjithashtu pikaset [&hellip;]<\/p>\n","protected":false},"author":2013,"featured_media":85288,"comment_status":"open","ping_status":"closed","sticky":false,"template":"","format":"standard","meta":{"footnotes":""},"categories":[241,235],"tags":[],"class_list":{"0":"post-96761","1":"post","2":"type-post","3":"status-publish","4":"format-standard","5":"has-post-thumbnail","7":"category-aktualitet","8":"category-vendi"},"_links":{"self":[{"href":"https:\/\/zjarr.tv\/en\/wp-json\/wp\/v2\/posts\/96761","targetHints":{"allow":["GET"]}}],"collection":[{"href":"https:\/\/zjarr.tv\/en\/wp-json\/wp\/v2\/posts"}],"about":[{"href":"https:\/\/zjarr.tv\/en\/wp-json\/wp\/v2\/types\/post"}],"author":[{"embeddable":true,"href":"https:\/\/zjarr.tv\/en\/wp-json\/wp\/v2\/users\/2013"}],"replies":[{"embeddable":true,"href":"https:\/\/zjarr.tv\/en\/wp-json\/wp\/v2\/comments?post=96761"}],"version-history":[{"count":0,"href":"https:\/\/zjarr.tv\/en\/wp-json\/wp\/v2\/posts\/96761\/revisions"}],"wp:featuredmedia":[{"embeddable":true,"href":"https:\/\/zjarr.tv\/en\/wp-json\/wp\/v2\/media\/85288"}],"wp:attachment":[{"href":"https:\/\/zjarr.tv\/en\/wp-json\/wp\/v2\/media?parent=96761"}],"wp:term":[{"taxonomy":"category","embeddable":true,"href":"https:\/\/zjarr.tv\/en\/wp-json\/wp\/v2\/categories?post=96761"},{"taxonomy":"post_tag","embeddable":true,"href":"https:\/\/zjarr.tv\/en\/wp-json\/wp\/v2\/tags?post=96761"}],"curies":[{"name":"wp","href":"https:\/\/api.w.org\/{rel}","templated":true}]}}