{"id":96763,"date":"2019-07-17T13:48:23","date_gmt":"2019-07-17T11:48:23","guid":{"rendered":"https:\/\/zjarr.tv\/?p=96763"},"modified":"2019-07-17T13:48:23","modified_gmt":"2019-07-17T11:48:23","slug":"rama-i-bllokon-hotelin-ish-deputetit-te-pd-reagon-aurel-bylykbashi-goditje-politike","status":"publish","type":"post","link":"https:\/\/zjarr.tv\/en\/rama-i-bllokon-hotelin-ish-deputetit-te-pd-reagon-aurel-bylykbashi-goditje-politike\/","title":{"rendered":"Rama i bllokon hotelin ish-deputetit t\u00eb PD, reagon Aurel Bylykbashi: Goditje politike!"},"content":{"rendered":"<p>Bllokohet hoteli i ish deputetit dhe kryetarit t\u00eb PD-s\u00eb n\u00eb Elbasan, Aurel Bylykbashi. Kryeministri Rama ka publikuar pamjet e bllokimit t\u00eb nj\u00eb hoteli, nd\u00ebrsa shkruan se num\u00ebrimi mbrapsht ka nisur dhe humbja do t\u00eb jet\u00eb e r\u00ebnd\u00eb p\u00ebr \u00e7do shkel\u00ebs.<\/p>\n<p>\u201cStop informalitetit. A i\u2019a vlen humbja q\u00eb sjell bllokimi ligjor p\u00ebr p\u00ebrfitimet nga shkelja e ligjit?! Kushdo q\u00eb shkel ende ligjin le t\u2019i bjer\u00eb lapsit. Num\u00ebrimi mbrapsht ka nisur dhe humbja do t\u00eb jet\u00eb e r\u00ebnd\u00eb p\u00ebr \u00e7do shkel\u00ebs\u201d thot\u00eb Rama n\u00eb nj\u00eb postim n\u00eb Facebook.<\/p>\n<p>Infoelbasani njofton se hoteli i bllokuar ndodhet n\u00eb Llixha t\u00eb Elbasanit dhe thuhet se \u00ebsht\u00eb bllokuar p\u00ebr evazion. I pyetur rreth k\u00ebtij fakti z. Bylykbashi u shpreh se kjo \u00ebsht\u00eb\u00a0nj\u00eb\u00a0goditje e past\u00ebr politike q\u00eb\u00a0i b\u00ebhet atij dhe PD-s\u00eb.Para pak koh\u00ebsh z. Bylykbashi u ndalua nga Policia p\u00ebr pjes\u00ebmarrje n\u00eb\u00a0protest\u00ebn kund\u00ebr Ram\u00ebs n\u00eb\u00a0Librazhd dhe m\u00eb pas gjykata e la t\u00eb\u00a0lir\u00eb.<\/p>\n<p>&nbsp;<\/p>","protected":false},"excerpt":{"rendered":"<p>Bllokohet hoteli i ish deputetit dhe kryetarit t\u00eb PD-s\u00eb n\u00eb Elbasan, Aurel Bylykbashi. Kryeministri Rama ka publikuar pamjet e bllokimit t\u00eb nj\u00eb hoteli, nd\u00ebrsa shkruan se num\u00ebrimi mbrapsht ka nisur dhe humbja do t\u00eb jet\u00eb e r\u00ebnd\u00eb p\u00ebr \u00e7do shkel\u00ebs. \u201cStop informalitetit. A i\u2019a vlen humbja q\u00eb sjell bllokimi ligjor p\u00ebr p\u00ebrfitimet nga shkelja e [&hellip;]<\/p>\n","protected":false},"author":2013,"featured_media":96764,"comment_status":"open","ping_status":"closed","sticky":false,"template":"","format":"standard","meta":{"footnotes":""},"categories":[241,235],"tags":[],"class_list":{"0":"post-96763","1":"post","2":"type-post","3":"status-publish","4":"format-standard","5":"has-post-thumbnail","7":"category-aktualitet","8":"category-vendi"},"_links":{"self":[{"href":"https:\/\/zjarr.tv\/en\/wp-json\/wp\/v2\/posts\/96763","targetHints":{"allow":["GET"]}}],"collection":[{"href":"https:\/\/zjarr.tv\/en\/wp-json\/wp\/v2\/posts"}],"about":[{"href":"https:\/\/zjarr.tv\/en\/wp-json\/wp\/v2\/types\/post"}],"author":[{"embeddable":true,"href":"https:\/\/zjarr.tv\/en\/wp-json\/wp\/v2\/users\/2013"}],"replies":[{"embeddable":true,"href":"https:\/\/zjarr.tv\/en\/wp-json\/wp\/v2\/comments?post=96763"}],"version-history":[{"count":0,"href":"https:\/\/zjarr.tv\/en\/wp-json\/wp\/v2\/posts\/96763\/revisions"}],"wp:featuredmedia":[{"embeddable":true,"href":"https:\/\/zjarr.tv\/en\/wp-json\/wp\/v2\/media\/96764"}],"wp:attachment":[{"href":"https:\/\/zjarr.tv\/en\/wp-json\/wp\/v2\/media?parent=96763"}],"wp:term":[{"taxonomy":"category","embeddable":true,"href":"https:\/\/zjarr.tv\/en\/wp-json\/wp\/v2\/categories?post=96763"},{"taxonomy":"post_tag","embeddable":true,"href":"https:\/\/zjarr.tv\/en\/wp-json\/wp\/v2\/tags?post=96763"}],"curies":[{"name":"wp","href":"https:\/\/api.w.org\/{rel}","templated":true}]}}