{"id":96774,"date":"2019-07-17T13:53:30","date_gmt":"2019-07-17T11:53:30","guid":{"rendered":"https:\/\/zjarr.tv\/?p=96774"},"modified":"2019-07-17T13:53:30","modified_gmt":"2019-07-17T11:53:30","slug":"gjykata-e-durresit-nuk-i-jep-mandatin-kandidates-se-ps","status":"publish","type":"post","link":"https:\/\/zjarr.tv\/en\/gjykata-e-durresit-nuk-i-jep-mandatin-kandidates-se-ps\/","title":{"rendered":"Gjykata e Durr\u00ebsit nuk i jep mandatin kandidates s\u00eb PS"},"content":{"rendered":"<p>M\u00ebsohet se Gjykata e Shkall\u00ebs s\u00eb Par\u00eb Durr\u00ebs ka refuzuar t\u2019i jap\u00eb mandatin e kryebashkiakes, kandidates s\u00eb PS, Valbona Sako. Kjo e fundit fitoi zgjedhjet n\u00eb votimet e 30 qershorit p\u00ebrball\u00eb rivales nga Bindja Demokratike, Valbona Sakollari.<\/p>\n<p>Seanca ka p\u00ebrfunduar vet\u00ebm pak minuta m\u00eb par\u00eb. Argumenti i Gjykat\u00ebs ka qen\u00eb se zgjedhjet jan\u00eb t\u00eb paligjshme, shkruan gazeta Mapo. Kjo p\u00ebr shkak se sipas trup\u00ebs gjykuese, Bindja Demokratike \u00ebsht\u00eb regjistruar n\u00eb zgjedhjet e 30 qershorit n\u00eb shkelje me afatet ligjore.<\/p>\n<p>&nbsp;<\/p>","protected":false},"excerpt":{"rendered":"<p>M\u00ebsohet se Gjykata e Shkall\u00ebs s\u00eb Par\u00eb Durr\u00ebs ka refuzuar t\u2019i jap\u00eb mandatin e kryebashkiakes, kandidates s\u00eb PS, Valbona Sako. Kjo e fundit fitoi zgjedhjet n\u00eb votimet e 30 qershorit p\u00ebrball\u00eb rivales nga Bindja Demokratike, Valbona Sakollari. Seanca ka p\u00ebrfunduar vet\u00ebm pak minuta m\u00eb par\u00eb. Argumenti i Gjykat\u00ebs ka qen\u00eb se zgjedhjet jan\u00eb t\u00eb paligjshme, [&hellip;]<\/p>\n","protected":false},"author":2013,"featured_media":38161,"comment_status":"open","ping_status":"closed","sticky":false,"template":"","format":"standard","meta":{"footnotes":""},"categories":[241,235],"tags":[],"class_list":{"0":"post-96774","1":"post","2":"type-post","3":"status-publish","4":"format-standard","5":"has-post-thumbnail","7":"category-aktualitet","8":"category-vendi"},"_links":{"self":[{"href":"https:\/\/zjarr.tv\/en\/wp-json\/wp\/v2\/posts\/96774","targetHints":{"allow":["GET"]}}],"collection":[{"href":"https:\/\/zjarr.tv\/en\/wp-json\/wp\/v2\/posts"}],"about":[{"href":"https:\/\/zjarr.tv\/en\/wp-json\/wp\/v2\/types\/post"}],"author":[{"embeddable":true,"href":"https:\/\/zjarr.tv\/en\/wp-json\/wp\/v2\/users\/2013"}],"replies":[{"embeddable":true,"href":"https:\/\/zjarr.tv\/en\/wp-json\/wp\/v2\/comments?post=96774"}],"version-history":[{"count":0,"href":"https:\/\/zjarr.tv\/en\/wp-json\/wp\/v2\/posts\/96774\/revisions"}],"wp:featuredmedia":[{"embeddable":true,"href":"https:\/\/zjarr.tv\/en\/wp-json\/wp\/v2\/media\/38161"}],"wp:attachment":[{"href":"https:\/\/zjarr.tv\/en\/wp-json\/wp\/v2\/media?parent=96774"}],"wp:term":[{"taxonomy":"category","embeddable":true,"href":"https:\/\/zjarr.tv\/en\/wp-json\/wp\/v2\/categories?post=96774"},{"taxonomy":"post_tag","embeddable":true,"href":"https:\/\/zjarr.tv\/en\/wp-json\/wp\/v2\/tags?post=96774"}],"curies":[{"name":"wp","href":"https:\/\/api.w.org\/{rel}","templated":true}]}}