{"id":96784,"date":"2019-07-17T14:09:35","date_gmt":"2019-07-17T12:09:35","guid":{"rendered":"https:\/\/zjarr.tv\/?p=96784"},"modified":"2019-07-17T14:09:35","modified_gmt":"2019-07-17T12:09:35","slug":"rama-i-pergjigjet-metes-zgjedhjet-perfunduan-me-30-qershor","status":"publish","type":"post","link":"https:\/\/zjarr.tv\/en\/rama-i-pergjigjet-metes-zgjedhjet-perfunduan-me-30-qershor\/","title":{"rendered":"Rama i p\u00ebrgjigjet Met\u00ebs: Zgjedhjet p\u00ebrfunduan m\u00eb 30 qershor!"},"content":{"rendered":"<p>N\u00eb daljen p\u00ebr mediat, n\u00eb p\u00ebrfundim t\u00eb Kryesis\u00eb s\u00eb PS-s\u00eb, kryeministri Edi Rama i ktheu p\u00ebrgjigje edhe apelit t\u00eb sot\u00ebm t\u00eb presidentit Ilir Meta, lidhur me 13 tetorin si dat\u00eb p\u00ebr zgjedhje t\u00eb parakohshme, vendore dhe presidenciale, me q\u00ebllim q\u00eb m\u00eb 19 tetor t\u00eb mos humbim s\u00ebrish shansin p\u00ebr \u00e7eljen e negociatave me BE.<\/p>\n<p>Rama u shpreh i vendosur n\u00eb q\u00ebndrimin e tij, se zgjedhjet vendore u mbyll\u00ebn m\u00eb 30 qershor, dhe 13 tetori \u00ebsht\u00eb nj\u00eb dit\u00eb si gjith\u00eb t\u00eb tjerat.<\/p>\n<p>\u201cZgjedhjet jan\u00eb b\u00ebr\u00eb n\u00eb 30 qershor, jemi shum\u00eb t\u00eb angazhuar p\u00ebr t\u00eb filluar mbar\u00eb procesin e qeverisjes vendore. Kemi ngritur edhe tre k\u00ebshilla vendore, dhe ky \u00ebsht\u00eb fokusi jon\u00eb ne e kemi sfid\u00ebn me problemet e vendit e t\u00eb njer\u00ebzve jo me prob e brendshme t\u00eb opozit\u00ebs apo t\u00eb presidenc\u00ebs.<\/p>\n<p>13 tetori\u00a0 \u00ebsht\u00eb si 12 apo 14 etetori e 15 shtatori, 22 dhjetori, s\u2019njoh nj\u00eb 13 tetor ndryshe, ndoshta i bie e diel\u00eb po \u00ebsht\u00eb si gjit\u00eb t\u00eb tjerat. \u201c u shpreh Rama.<\/p>\n<p>&nbsp;<\/p>","protected":false},"excerpt":{"rendered":"<p>N\u00eb daljen p\u00ebr mediat, n\u00eb p\u00ebrfundim t\u00eb Kryesis\u00eb s\u00eb PS-s\u00eb, kryeministri Edi Rama i ktheu p\u00ebrgjigje edhe apelit t\u00eb sot\u00ebm t\u00eb presidentit Ilir Meta, lidhur me 13 tetorin si dat\u00eb p\u00ebr zgjedhje t\u00eb parakohshme, vendore dhe presidenciale, me q\u00ebllim q\u00eb m\u00eb 19 tetor t\u00eb mos humbim s\u00ebrish shansin p\u00ebr \u00e7eljen e negociatave me BE. Rama [&hellip;]<\/p>\n","protected":false},"author":2013,"featured_media":50764,"comment_status":"open","ping_status":"closed","sticky":false,"template":"","format":"standard","meta":{"footnotes":""},"categories":[241,235],"tags":[],"class_list":{"0":"post-96784","1":"post","2":"type-post","3":"status-publish","4":"format-standard","5":"has-post-thumbnail","7":"category-aktualitet","8":"category-vendi"},"_links":{"self":[{"href":"https:\/\/zjarr.tv\/en\/wp-json\/wp\/v2\/posts\/96784","targetHints":{"allow":["GET"]}}],"collection":[{"href":"https:\/\/zjarr.tv\/en\/wp-json\/wp\/v2\/posts"}],"about":[{"href":"https:\/\/zjarr.tv\/en\/wp-json\/wp\/v2\/types\/post"}],"author":[{"embeddable":true,"href":"https:\/\/zjarr.tv\/en\/wp-json\/wp\/v2\/users\/2013"}],"replies":[{"embeddable":true,"href":"https:\/\/zjarr.tv\/en\/wp-json\/wp\/v2\/comments?post=96784"}],"version-history":[{"count":0,"href":"https:\/\/zjarr.tv\/en\/wp-json\/wp\/v2\/posts\/96784\/revisions"}],"wp:featuredmedia":[{"embeddable":true,"href":"https:\/\/zjarr.tv\/en\/wp-json\/wp\/v2\/media\/50764"}],"wp:attachment":[{"href":"https:\/\/zjarr.tv\/en\/wp-json\/wp\/v2\/media?parent=96784"}],"wp:term":[{"taxonomy":"category","embeddable":true,"href":"https:\/\/zjarr.tv\/en\/wp-json\/wp\/v2\/categories?post=96784"},{"taxonomy":"post_tag","embeddable":true,"href":"https:\/\/zjarr.tv\/en\/wp-json\/wp\/v2\/tags?post=96784"}],"curies":[{"name":"wp","href":"https:\/\/api.w.org\/{rel}","templated":true}]}}