{"id":96789,"date":"2019-07-17T14:27:33","date_gmt":"2019-07-17T12:27:33","guid":{"rendered":"https:\/\/zjarr.tv\/?p=96789"},"modified":"2019-07-17T14:27:33","modified_gmt":"2019-07-17T12:27:33","slug":"faceapp-rrjeti-masakron-edi-ramen-jemi-ne-prag-te-hapjes-se-negociatave","status":"publish","type":"post","link":"https:\/\/zjarr.tv\/en\/faceapp-rrjeti-masakron-edi-ramen-jemi-ne-prag-te-hapjes-se-negociatave\/","title":{"rendered":"FaceApp, rrjeti masakron Edi Ram\u00ebn: Jemi n\u00eb prag t\u00eb hapjes s\u00eb negociatave\u2026."},"content":{"rendered":"<p>FaceApp \u00ebsht\u00eb lan\u00e7uar n\u00eb vitin 2017 dhe nuk \u00ebsht\u00eb i ri. Por dit\u00ebt e fundit \u00ebsht\u00eb b\u00ebr\u00eb virale dhe njer\u00ebzit po \u2018\u00e7menden\u2019 pas aplikacionit i cili t\u00eb tregon si do te jesh pas 20-30 vjet\u00ebsh.<\/p>\n<p>Por rrjeti ka l\u00ebshuar edhe ironit\u00eb e para edhe talljet me personazhe t\u00eb politik\u00ebs.<\/p>\n<p>Edhe kreun e qeveris\u00eb Edi Rama nuk e kan\u00eb harruar duke i b\u00ebr\u00eb nj\u00eb meme q\u00eb tregon edhe imazhin e tij t\u00eb ndryshuar t\u00eb plakur por edhe nje premtim qe ai nuk e mbajti kurr\u00eb, nuk e realizoi kurr\u00eb.<\/p>\n<p>&nbsp;<\/p>","protected":false},"excerpt":{"rendered":"<p>FaceApp \u00ebsht\u00eb lan\u00e7uar n\u00eb vitin 2017 dhe nuk \u00ebsht\u00eb i ri. Por dit\u00ebt e fundit \u00ebsht\u00eb b\u00ebr\u00eb virale dhe njer\u00ebzit po \u2018\u00e7menden\u2019 pas aplikacionit i cili t\u00eb tregon si do te jesh pas 20-30 vjet\u00ebsh. Por rrjeti ka l\u00ebshuar edhe ironit\u00eb e para edhe talljet me personazhe t\u00eb politik\u00ebs. Edhe kreun e qeveris\u00eb Edi Rama [&hellip;]<\/p>\n","protected":false},"author":2013,"featured_media":96790,"comment_status":"open","ping_status":"closed","sticky":false,"template":"","format":"standard","meta":{"footnotes":""},"categories":[241,235],"tags":[],"class_list":{"0":"post-96789","1":"post","2":"type-post","3":"status-publish","4":"format-standard","5":"has-post-thumbnail","7":"category-aktualitet","8":"category-vendi"},"_links":{"self":[{"href":"https:\/\/zjarr.tv\/en\/wp-json\/wp\/v2\/posts\/96789","targetHints":{"allow":["GET"]}}],"collection":[{"href":"https:\/\/zjarr.tv\/en\/wp-json\/wp\/v2\/posts"}],"about":[{"href":"https:\/\/zjarr.tv\/en\/wp-json\/wp\/v2\/types\/post"}],"author":[{"embeddable":true,"href":"https:\/\/zjarr.tv\/en\/wp-json\/wp\/v2\/users\/2013"}],"replies":[{"embeddable":true,"href":"https:\/\/zjarr.tv\/en\/wp-json\/wp\/v2\/comments?post=96789"}],"version-history":[{"count":0,"href":"https:\/\/zjarr.tv\/en\/wp-json\/wp\/v2\/posts\/96789\/revisions"}],"wp:featuredmedia":[{"embeddable":true,"href":"https:\/\/zjarr.tv\/en\/wp-json\/wp\/v2\/media\/96790"}],"wp:attachment":[{"href":"https:\/\/zjarr.tv\/en\/wp-json\/wp\/v2\/media?parent=96789"}],"wp:term":[{"taxonomy":"category","embeddable":true,"href":"https:\/\/zjarr.tv\/en\/wp-json\/wp\/v2\/categories?post=96789"},{"taxonomy":"post_tag","embeddable":true,"href":"https:\/\/zjarr.tv\/en\/wp-json\/wp\/v2\/tags?post=96789"}],"curies":[{"name":"wp","href":"https:\/\/api.w.org\/{rel}","templated":true}]}}