{"id":96884,"date":"2019-07-17T16:10:28","date_gmt":"2019-07-17T14:10:28","guid":{"rendered":"https:\/\/zjarr.tv\/?p=96884"},"modified":"2019-07-17T16:10:28","modified_gmt":"2019-07-17T14:10:28","slug":"veliaj-kerkon-njohjen-e-mandatit-nga-gjykata-e-tiranes","status":"publish","type":"post","link":"https:\/\/zjarr.tv\/en\/veliaj-kerkon-njohjen-e-mandatit-nga-gjykata-e-tiranes\/","title":{"rendered":"Veliaj k\u00ebrkon njohjen e mandatit nga Gjykata e Tiran\u00ebs"},"content":{"rendered":"<p>&nbsp;<\/p>\n<p>N\u00eb gjykat\u00ebn e Tiran\u00ebs ka mb\u00ebrritur k\u00ebrkesa e Erion Veliaj p\u00ebr njohjen e mandatit si kryebashkiak i Tiran\u00ebs p\u00ebr nj\u00eb mandat t\u00eb dyt\u00eb.<\/p>\n<p>Me 15 korrik, \u00a0KQZ hodhi posht\u00eb ankimimin e Bindjes Demokratike p\u00ebr shpalljen e pavlefshme t\u00eb rezultatit zgjedhor t\u00eb 30 qershorit n\u00eb t\u00eb gjitha qendrat e votimit p\u00ebr qarkun e Tiran\u00ebs.<\/p>\n<p>&nbsp;<\/p>","protected":false},"excerpt":{"rendered":"<p>&nbsp; N\u00eb gjykat\u00ebn e Tiran\u00ebs ka mb\u00ebrritur k\u00ebrkesa e Erion Veliaj p\u00ebr njohjen e mandatit si kryebashkiak i Tiran\u00ebs p\u00ebr nj\u00eb mandat t\u00eb dyt\u00eb. Me 15 korrik, \u00a0KQZ hodhi posht\u00eb ankimimin e Bindjes Demokratike p\u00ebr shpalljen e pavlefshme t\u00eb rezultatit zgjedhor t\u00eb 30 qershorit n\u00eb t\u00eb gjitha qendrat e votimit p\u00ebr qarkun e Tiran\u00ebs. &nbsp;<\/p>","protected":false},"author":2013,"featured_media":78839,"comment_status":"open","ping_status":"closed","sticky":false,"template":"","format":"standard","meta":{"footnotes":""},"categories":[241,235],"tags":[],"class_list":{"0":"post-96884","1":"post","2":"type-post","3":"status-publish","4":"format-standard","5":"has-post-thumbnail","7":"category-aktualitet","8":"category-vendi"},"_links":{"self":[{"href":"https:\/\/zjarr.tv\/en\/wp-json\/wp\/v2\/posts\/96884","targetHints":{"allow":["GET"]}}],"collection":[{"href":"https:\/\/zjarr.tv\/en\/wp-json\/wp\/v2\/posts"}],"about":[{"href":"https:\/\/zjarr.tv\/en\/wp-json\/wp\/v2\/types\/post"}],"author":[{"embeddable":true,"href":"https:\/\/zjarr.tv\/en\/wp-json\/wp\/v2\/users\/2013"}],"replies":[{"embeddable":true,"href":"https:\/\/zjarr.tv\/en\/wp-json\/wp\/v2\/comments?post=96884"}],"version-history":[{"count":0,"href":"https:\/\/zjarr.tv\/en\/wp-json\/wp\/v2\/posts\/96884\/revisions"}],"wp:featuredmedia":[{"embeddable":true,"href":"https:\/\/zjarr.tv\/en\/wp-json\/wp\/v2\/media\/78839"}],"wp:attachment":[{"href":"https:\/\/zjarr.tv\/en\/wp-json\/wp\/v2\/media?parent=96884"}],"wp:term":[{"taxonomy":"category","embeddable":true,"href":"https:\/\/zjarr.tv\/en\/wp-json\/wp\/v2\/categories?post=96884"},{"taxonomy":"post_tag","embeddable":true,"href":"https:\/\/zjarr.tv\/en\/wp-json\/wp\/v2\/tags?post=96884"}],"curies":[{"name":"wp","href":"https:\/\/api.w.org\/{rel}","templated":true}]}}