{"id":96889,"date":"2019-07-17T16:46:16","date_gmt":"2019-07-17T14:46:16","guid":{"rendered":"https:\/\/zjarr.tv\/?p=96889"},"modified":"2019-07-17T16:46:16","modified_gmt":"2019-07-17T14:46:16","slug":"30-qershori-ademi-depoziton-ne-prokurori-kallezimin-penal-per-krimet-elektorale","status":"publish","type":"post","link":"https:\/\/zjarr.tv\/en\/30-qershori-ademi-depoziton-ne-prokurori-kallezimin-penal-per-krimet-elektorale\/","title":{"rendered":"30 qershori, Ademi depoziton n\u00eb Prokurori kall\u00ebzimin penal p\u00ebr krimet elektorale"},"content":{"rendered":"<p>Kryetarja e Bashkis\u00eb s\u00eb Shkodr\u00ebs Voltana Ademi ka depozituar dit\u00ebn e sotme n\u00eb Prokurori kall\u00ebzimin penal p\u00ebr krimet elektorale t\u00eb kryera t\u00eb votimet e 30 qershorit.<\/p>\n<p>Ademi b\u00ebn me dije se ka paraqitur t\u00eb gjitha provat q\u00eb sipas saj v\u00ebrtetojn\u00eb shkeljet e ligjit n\u00eb nj\u00eb proces q\u00eb nuk kishte asgj\u00eb t\u00eb p\u00ebrbashk\u00ebt me zgjedhjet.<\/p>\n<p>Kryebashkiakja e Shkodr\u00ebs i b\u00ebri thirrje prokuroris\u00eb t\u00eb b\u00ebj\u00eb detyr\u00ebn dhe t\u00eb hetoj\u00eb pa iu n\u00ebnshtruar asnj\u00eb presioni politik dhe t\u00eb zbatoj\u00eb vet\u00ebm ligjin.<\/p>\n<p><strong>Ademi:\u00a0<\/strong><em>Kam ardhur sot para Prokuroris\u00eb p\u00ebr t\u00eb b\u00ebr\u00eb kall\u00ebzimin penal p\u00ebr krimet elektorale t\u00eb 30 qershorit.\u00a0<\/em><br \/>\n<em>I b\u00ebj thirrje Prokuroris\u00eb s\u00eb b\u00ebj\u00eb pun\u00ebn, t\u00eb zbatoj\u00eb ligjin, t\u00eb hetoj\u00eb. Shkodran\u00ebt dhe shqiptar\u00ebt meritojn\u00eb ta din\u00eb t\u00eb v\u00ebrtet\u00ebn.\u00a0<\/em><br \/>\n<em>Me dor\u00ebzimin e k\u00ebsaj dosje dua t\u00eb shpresoj dhe besoj se organet hetimore do t\u00eb vijojn\u00eb pun\u00ebn bazuar n\u00eb fakte q\u00eb jan\u00eb parashtruar n\u00eb kall\u00ebzimin penal q\u00eb jan\u00eb parashtruar sot nga ana ime.\u00a0<\/em><br \/>\n<em>N\u00eb dosje paraqiten t\u00eb dh\u00ebna dhe fakte q\u00eb lidhen me krimet elektorale, me vepra penale q\u00eb kan\u00eb kryer persona t\u00eb angazhuar me 30 qershor, t\u00eb cil\u00ebt p\u00ebr veprat q\u00eb kan\u00eb kryer jan\u00eb krime elektorale\u201d.\u00a0<\/em><\/p>\n<p>&nbsp;<\/p>","protected":false},"excerpt":{"rendered":"<p>Kryetarja e Bashkis\u00eb s\u00eb Shkodr\u00ebs Voltana Ademi ka depozituar dit\u00ebn e sotme n\u00eb Prokurori kall\u00ebzimin penal p\u00ebr krimet elektorale t\u00eb kryera t\u00eb votimet e 30 qershorit. Ademi b\u00ebn me dije se ka paraqitur t\u00eb gjitha provat q\u00eb sipas saj v\u00ebrtetojn\u00eb shkeljet e ligjit n\u00eb nj\u00eb proces q\u00eb nuk kishte asgj\u00eb t\u00eb p\u00ebrbashk\u00ebt me zgjedhjet. Kryebashkiakja [&hellip;]<\/p>\n","protected":false},"author":2013,"featured_media":93358,"comment_status":"open","ping_status":"closed","sticky":false,"template":"","format":"standard","meta":{"footnotes":""},"categories":[241,235],"tags":[],"class_list":{"0":"post-96889","1":"post","2":"type-post","3":"status-publish","4":"format-standard","5":"has-post-thumbnail","7":"category-aktualitet","8":"category-vendi"},"_links":{"self":[{"href":"https:\/\/zjarr.tv\/en\/wp-json\/wp\/v2\/posts\/96889","targetHints":{"allow":["GET"]}}],"collection":[{"href":"https:\/\/zjarr.tv\/en\/wp-json\/wp\/v2\/posts"}],"about":[{"href":"https:\/\/zjarr.tv\/en\/wp-json\/wp\/v2\/types\/post"}],"author":[{"embeddable":true,"href":"https:\/\/zjarr.tv\/en\/wp-json\/wp\/v2\/users\/2013"}],"replies":[{"embeddable":true,"href":"https:\/\/zjarr.tv\/en\/wp-json\/wp\/v2\/comments?post=96889"}],"version-history":[{"count":0,"href":"https:\/\/zjarr.tv\/en\/wp-json\/wp\/v2\/posts\/96889\/revisions"}],"wp:featuredmedia":[{"embeddable":true,"href":"https:\/\/zjarr.tv\/en\/wp-json\/wp\/v2\/media\/93358"}],"wp:attachment":[{"href":"https:\/\/zjarr.tv\/en\/wp-json\/wp\/v2\/media?parent=96889"}],"wp:term":[{"taxonomy":"category","embeddable":true,"href":"https:\/\/zjarr.tv\/en\/wp-json\/wp\/v2\/categories?post=96889"},{"taxonomy":"post_tag","embeddable":true,"href":"https:\/\/zjarr.tv\/en\/wp-json\/wp\/v2\/tags?post=96889"}],"curies":[{"name":"wp","href":"https:\/\/api.w.org\/{rel}","templated":true}]}}