{"id":96898,"date":"2019-07-17T17:44:32","date_gmt":"2019-07-17T15:44:32","guid":{"rendered":"https:\/\/zjarr.tv\/?p=96898"},"modified":"2019-07-17T17:44:32","modified_gmt":"2019-07-17T15:44:32","slug":"ironia-e-ish-ministrit-socialist-rama-transparent-me-popullin-si-fotoja-e-tij-nudo-ne-plazh","status":"publish","type":"post","link":"https:\/\/zjarr.tv\/en\/ironia-e-ish-ministrit-socialist-rama-transparent-me-popullin-si-fotoja-e-tij-nudo-ne-plazh\/","title":{"rendered":"Ironia e ish-ministrit socialist: \u2018Rama transparent me popullin si fotoja e tij nudo n\u00eb plazh\u2019"},"content":{"rendered":"<p>Elmaz Sherifi, ish-deputet socialist, nj\u00eb nga eksponent\u00ebt m\u00eb t\u00eb lart\u00eb socialist\u00eb n\u00eb qeverisjen Nano, ka sulmuar ashp\u00ebr n\u00ebp\u00ebmjet nj\u00eb statusi n\u00eb profilin e tij n\u00eb facebook, qeverisjen moniste q\u00eb Edi Rama po i b\u00ebn vendit.<\/p>\n<p>Duke cituar fjal\u00ebt e Ram\u00ebs q\u00eb do t\u00eb ikte nga pushteti kur t\u00eb donte ai dhe jo kur t\u00eb donin shqiptar\u00ebt, Sherifi ironizon se Rama \u00ebsht\u00eb m\u00eb transparent se kurr\u00eb me popullin<\/p>\n<p>\u201cEshte trasparent\u201d !<\/p>\n<p>Rama gjithenje ka qene transparent, ashtu si fotografia nudo ne plazh me femren qe ia ka bere burrin minister. Meta e nxorri nga \u201ckriza\u201d duke deklaruar athere, se per nje \u201cartist\u201d ishte normale !<\/p>\n<p>Edi u be kryetar i Partise Socialiste duke deklaruar se nuk ishte politikan. Artist e duan socialistet, dhe ai po e realizon qeverisjen, sipas shijeve te tij artistike, te materializuar ne pikturat e tij qe zbukurojne zyren e kryeministrit.<\/p>\n<p>Sa erdhi ne qeveri zbukuroi godinen e qeverise, pa projekt, pa fonde te parashikuara ne buxhetin e shtetit, pa tender dhe pa e deklaruar asnjehere cili i kreu punimet. Me ate veprim dha orjentimin si do qeverisej\u00a0 Shqiperia nga ministrat e tij dhe u krijua Modeli i Ri i qeverisjes deri sa mberriten te PPP qe jane Piramida e Sudes !<\/p>\n<p>Kur mori mandatin e dyte me 2017 u tha shqiptareve se qeveria e tij do te ikte jo kur te duan shqiptaret,por kur te doje ai. Le te behen protesta.Ai nuk ka vendosur te iki.<\/p>\n<p>Deklaroi se do beheshin zgjedhjet vendore edhe pa dekret. Na u kryen.<\/p>\n<p>Tani nuk do te kete as veteqeverisje vendore. Rama po jep porosi se cili do te hiqet nga bashkite e cili do te mbetet ! Doni me per Belulin ? Eshte trasparent !<\/p>\n<p>&nbsp;<\/p>","protected":false},"excerpt":{"rendered":"<p>Elmaz Sherifi, ish-deputet socialist, nj\u00eb nga eksponent\u00ebt m\u00eb t\u00eb lart\u00eb socialist\u00eb n\u00eb qeverisjen Nano, ka sulmuar ashp\u00ebr n\u00ebp\u00ebmjet nj\u00eb statusi n\u00eb profilin e tij n\u00eb facebook, qeverisjen moniste q\u00eb Edi Rama po i b\u00ebn vendit. Duke cituar fjal\u00ebt e Ram\u00ebs q\u00eb do t\u00eb ikte nga pushteti kur t\u00eb donte ai dhe jo kur t\u00eb donin [&hellip;]<\/p>\n","protected":false},"author":2013,"featured_media":96902,"comment_status":"open","ping_status":"closed","sticky":false,"template":"","format":"standard","meta":{"footnotes":""},"categories":[241,235],"tags":[],"class_list":{"0":"post-96898","1":"post","2":"type-post","3":"status-publish","4":"format-standard","5":"has-post-thumbnail","7":"category-aktualitet","8":"category-vendi"},"_links":{"self":[{"href":"https:\/\/zjarr.tv\/en\/wp-json\/wp\/v2\/posts\/96898","targetHints":{"allow":["GET"]}}],"collection":[{"href":"https:\/\/zjarr.tv\/en\/wp-json\/wp\/v2\/posts"}],"about":[{"href":"https:\/\/zjarr.tv\/en\/wp-json\/wp\/v2\/types\/post"}],"author":[{"embeddable":true,"href":"https:\/\/zjarr.tv\/en\/wp-json\/wp\/v2\/users\/2013"}],"replies":[{"embeddable":true,"href":"https:\/\/zjarr.tv\/en\/wp-json\/wp\/v2\/comments?post=96898"}],"version-history":[{"count":0,"href":"https:\/\/zjarr.tv\/en\/wp-json\/wp\/v2\/posts\/96898\/revisions"}],"wp:featuredmedia":[{"embeddable":true,"href":"https:\/\/zjarr.tv\/en\/wp-json\/wp\/v2\/media\/96902"}],"wp:attachment":[{"href":"https:\/\/zjarr.tv\/en\/wp-json\/wp\/v2\/media?parent=96898"}],"wp:term":[{"taxonomy":"category","embeddable":true,"href":"https:\/\/zjarr.tv\/en\/wp-json\/wp\/v2\/categories?post=96898"},{"taxonomy":"post_tag","embeddable":true,"href":"https:\/\/zjarr.tv\/en\/wp-json\/wp\/v2\/tags?post=96898"}],"curies":[{"name":"wp","href":"https:\/\/api.w.org\/{rel}","templated":true}]}}