{"id":96904,"date":"2019-07-17T17:52:14","date_gmt":"2019-07-17T15:52:14","guid":{"rendered":"https:\/\/zjarr.tv\/?p=96904"},"modified":"2019-07-17T17:52:14","modified_gmt":"2019-07-17T15:52:14","slug":"publikohen-formacionet-zyrtare-trajneri-i-partizanit-surprizon-me-11-shen-titullare","status":"publish","type":"post","link":"https:\/\/zjarr.tv\/en\/publikohen-formacionet-zyrtare-trajneri-i-partizanit-surprizon-me-11-shen-titullare\/","title":{"rendered":"Publikohen formacionet zyrtare, trajneri i PARTIZANIT surprizon me 11-shen titullare"},"content":{"rendered":"<p>Partizani do t\u00eb luaj\u00eb kund\u00ebr Qarabag n\u00eb transfert\u00eb, ndeshje e vlefshme p\u00ebr turin e par\u00eb t\u00eb Champions League. Ky takim do t\u00eb zhvillohet n\u00eb or\u00ebn 19:00 nd\u00ebrsa tashm\u00eb jan\u00eb publikuar formacionet zyrtare.<\/p>\n<p>Ashtu si\u00e7 ishte p\u00ebrfolur edhe m\u00eb par\u00eb, trajneri Franko Lerda ka l\u00ebn\u00eb s\u00ebrish jasht\u00eb Lorenc Trashin, por ka b\u00ebr\u00eb nj\u00eb ndryshim t\u00eb vet\u00ebm. N\u00eb vend t\u00eb Mensah, do t\u00eb luaj\u00eb nga minuta e par\u00eb Solomon, nj\u00eb em\u00ebr surpriz\u00eb ky dhe nj\u00eb lojtar q\u00eb nuk njihet nga sportdash\u00ebsit shqiptar pasi \u00ebsht\u00eb afruar n\u00eb merkaton e ver\u00ebs tek t\u00eb kuqt\u00eb.<\/p>\n<p>Nd\u00ebrkoh\u00eb, pjesa tjet\u00ebr e skuadr\u00ebs do t\u00eb rreshtohet si takimi i par\u00eb i luajtur n\u00eb \u201cSelman St\u00ebrmasi\u201d. M\u00eb posht\u00eb njihuni me 11-shet titullare q\u00eb kan\u00eb p\u00ebrzgjedhur t\u00eb dy trajner\u00ebt.<\/p>\n<p><strong>QARABAG:<\/strong>\u00a0Vagner, Ailton, Mammadov, Medvedev, Abdullayev, Michel, Romero, Sadygov, Zoubir, Ozobi\u00e7, Richard Almeida\u00a0<strong>Trajner:<\/strong>\u00a0Gurban Gurbanov<\/p>\n<p><strong>PARTIZANI:<\/strong>\u00a0Hoxha, Hakaj, Belica, Bitri, Ibrahimi, Melo, Telushi, Mala, Solomon, Asani, \u00c7inari\u00a0<strong>Trajner<\/strong>: Franko Lerda<\/p>\n<p>&nbsp;<\/p>","protected":false},"excerpt":{"rendered":"<p>Partizani do t\u00eb luaj\u00eb kund\u00ebr Qarabag n\u00eb transfert\u00eb, ndeshje e vlefshme p\u00ebr turin e par\u00eb t\u00eb Champions League. Ky takim do t\u00eb zhvillohet n\u00eb or\u00ebn 19:00 nd\u00ebrsa tashm\u00eb jan\u00eb publikuar formacionet zyrtare. Ashtu si\u00e7 ishte p\u00ebrfolur edhe m\u00eb par\u00eb, trajneri Franko Lerda ka l\u00ebn\u00eb s\u00ebrish jasht\u00eb Lorenc Trashin, por ka b\u00ebr\u00eb nj\u00eb ndryshim t\u00eb vet\u00ebm. [&hellip;]<\/p>\n","protected":false},"author":2013,"featured_media":94463,"comment_status":"open","ping_status":"closed","sticky":false,"template":"","format":"standard","meta":{"footnotes":""},"categories":[241,192],"tags":[],"class_list":{"0":"post-96904","1":"post","2":"type-post","3":"status-publish","4":"format-standard","5":"has-post-thumbnail","7":"category-aktualitet","8":"category-sport"},"_links":{"self":[{"href":"https:\/\/zjarr.tv\/en\/wp-json\/wp\/v2\/posts\/96904","targetHints":{"allow":["GET"]}}],"collection":[{"href":"https:\/\/zjarr.tv\/en\/wp-json\/wp\/v2\/posts"}],"about":[{"href":"https:\/\/zjarr.tv\/en\/wp-json\/wp\/v2\/types\/post"}],"author":[{"embeddable":true,"href":"https:\/\/zjarr.tv\/en\/wp-json\/wp\/v2\/users\/2013"}],"replies":[{"embeddable":true,"href":"https:\/\/zjarr.tv\/en\/wp-json\/wp\/v2\/comments?post=96904"}],"version-history":[{"count":0,"href":"https:\/\/zjarr.tv\/en\/wp-json\/wp\/v2\/posts\/96904\/revisions"}],"wp:featuredmedia":[{"embeddable":true,"href":"https:\/\/zjarr.tv\/en\/wp-json\/wp\/v2\/media\/94463"}],"wp:attachment":[{"href":"https:\/\/zjarr.tv\/en\/wp-json\/wp\/v2\/media?parent=96904"}],"wp:term":[{"taxonomy":"category","embeddable":true,"href":"https:\/\/zjarr.tv\/en\/wp-json\/wp\/v2\/categories?post=96904"},{"taxonomy":"post_tag","embeddable":true,"href":"https:\/\/zjarr.tv\/en\/wp-json\/wp\/v2\/tags?post=96904"}],"curies":[{"name":"wp","href":"https:\/\/api.w.org\/{rel}","templated":true}]}}