{"id":96906,"date":"2019-07-17T18:07:05","date_gmt":"2019-07-17T16:07:05","guid":{"rendered":"https:\/\/zjarr.tv\/?p=96906"},"modified":"2019-07-17T18:07:05","modified_gmt":"2019-07-17T16:07:05","slug":"el-chapo-denohet-me-burgim-te-perjetshem","status":"publish","type":"post","link":"https:\/\/zjarr.tv\/en\/el-chapo-denohet-me-burgim-te-perjetshem\/","title":{"rendered":"El Chapo d\u00ebnohet me burgim t\u00eb p\u00ebrjetsh\u00ebm"},"content":{"rendered":"<p>Kreu meksikan i drog\u00ebs Joaqu\u00edn \u201cEl Chapo\u201d Guzm\u00e1n \u00ebsht\u00eb d\u00ebnuar me burgim t\u00eb p\u00ebrjetsh\u00ebm plus 30 vjet.<\/p>\n<p>62 vje\u00e7ari Guzm\u00e1n, akuzohet p\u00ebr 10 akuza, duke p\u00ebrfshir\u00eb trafikimin e drog\u00ebs dhe pastrimin e parave, nga nj\u00eb gjykat\u00eb federale n\u00eb Nju Jork n\u00eb shkurt.<\/p>\n<p>Nd\u00ebrkoh\u00eb m\u00eb par\u00eb ai u arratis n\u00eb nj\u00eb burg meksikan p\u00ebrmes nj\u00eb tuneli n\u00eb vitin 2016, por u arrestua m\u00eb von\u00eb, dhe u ekstradua n\u00eb SHBA n\u00eb vitin 2017.<\/p>\n<p>Ai \u00ebsht\u00eb ish-kreu i kartelit Sinaloa, q\u00eb zyrtar\u00ebt thon\u00eb se ishte furnizuesi m\u00eb i madh i drog\u00ebs n\u00eb SHBA. Gjat\u00eb gjyqit, d\u00ebshmitar\u00ebt than\u00eb se kishte torturuar armiqt\u00eb e kartelit t\u00eb tij.<\/p>\n<p>&nbsp;<\/p>","protected":false},"excerpt":{"rendered":"<p>Kreu meksikan i drog\u00ebs Joaqu\u00edn \u201cEl Chapo\u201d Guzm\u00e1n \u00ebsht\u00eb d\u00ebnuar me burgim t\u00eb p\u00ebrjetsh\u00ebm plus 30 vjet. 62 vje\u00e7ari Guzm\u00e1n, akuzohet p\u00ebr 10 akuza, duke p\u00ebrfshir\u00eb trafikimin e drog\u00ebs dhe pastrimin e parave, nga nj\u00eb gjykat\u00eb federale n\u00eb Nju Jork n\u00eb shkurt. Nd\u00ebrkoh\u00eb m\u00eb par\u00eb ai u arratis n\u00eb nj\u00eb burg meksikan p\u00ebrmes nj\u00eb tuneli [&hellip;]<\/p>\n","protected":false},"author":2013,"featured_media":68387,"comment_status":"open","ping_status":"closed","sticky":false,"template":"","format":"standard","meta":{"footnotes":""},"categories":[241,191],"tags":[],"class_list":{"0":"post-96906","1":"post","2":"type-post","3":"status-publish","4":"format-standard","5":"has-post-thumbnail","7":"category-aktualitet","8":"category-bota"},"_links":{"self":[{"href":"https:\/\/zjarr.tv\/en\/wp-json\/wp\/v2\/posts\/96906","targetHints":{"allow":["GET"]}}],"collection":[{"href":"https:\/\/zjarr.tv\/en\/wp-json\/wp\/v2\/posts"}],"about":[{"href":"https:\/\/zjarr.tv\/en\/wp-json\/wp\/v2\/types\/post"}],"author":[{"embeddable":true,"href":"https:\/\/zjarr.tv\/en\/wp-json\/wp\/v2\/users\/2013"}],"replies":[{"embeddable":true,"href":"https:\/\/zjarr.tv\/en\/wp-json\/wp\/v2\/comments?post=96906"}],"version-history":[{"count":0,"href":"https:\/\/zjarr.tv\/en\/wp-json\/wp\/v2\/posts\/96906\/revisions"}],"wp:featuredmedia":[{"embeddable":true,"href":"https:\/\/zjarr.tv\/en\/wp-json\/wp\/v2\/media\/68387"}],"wp:attachment":[{"href":"https:\/\/zjarr.tv\/en\/wp-json\/wp\/v2\/media?parent=96906"}],"wp:term":[{"taxonomy":"category","embeddable":true,"href":"https:\/\/zjarr.tv\/en\/wp-json\/wp\/v2\/categories?post=96906"},{"taxonomy":"post_tag","embeddable":true,"href":"https:\/\/zjarr.tv\/en\/wp-json\/wp\/v2\/tags?post=96906"}],"curies":[{"name":"wp","href":"https:\/\/api.w.org\/{rel}","templated":true}]}}