{"id":97244,"date":"2019-07-19T14:43:09","date_gmt":"2019-07-19T12:43:09","guid":{"rendered":"https:\/\/zjarr.tv\/?p=97244"},"modified":"2019-07-19T14:43:09","modified_gmt":"2019-07-19T12:43:09","slug":"vendimi-per-sakon-reagon-duka-gangsterllek-politik-mbi-gjyqesorin","status":"publish","type":"post","link":"https:\/\/zjarr.tv\/en\/vendimi-per-sakon-reagon-duka-gangsterllek-politik-mbi-gjyqesorin\/","title":{"rendered":"Vendimi p\u00ebr Sakon, reagon Duka: Gangsterll\u00ebk politik mbi gjyq\u00ebsorin"},"content":{"rendered":"<p>Kreu i PAA, Agron Duka ka reaguar p\u00ebr vendimin e dh\u00ebn\u00eb sot nga gjykata e Durr\u00ebsit duke njohur Valbona Sakon si kryetare t\u00eb Bashkis\u00eb.<\/p>\n<p>\u201cJam i bindur se shqiptar\u00ebt nuk kishin m\u00eb nevoj\u00eb p\u00ebr prova t\u00eb tjera p\u00ebr r\u00ebnien e rendit ligjor dhe kushtetues n\u00eb vendin ton\u00eb. Megjithat\u00eb, mazhoranca dha bujarisht nj\u00eb tjet\u00ebr shembull dit\u00ebn e sotme, dhe tregoi se ka privatizuar drejt\u00ebsin\u00eb duke kryer nj\u00eb proces paralel p\u00ebr t\u00eb konfirmuar mandatin e bashkis\u00eb s\u00eb Durr\u00ebsit.\u201d Shkruan Duka, nd\u00ebrsa shton se kjo manov\u00ebr, p\u00ebr t\u00eb anashkaluar vendimin p\u00ebr mosdh\u00ebnien e mandatit t\u00eb para dy dit\u00ebve, \u00ebsht\u00eb n\u00eb shkelje t\u00eb ligjit sepse e nj\u00ebjta \u00e7\u00ebshtje, me t\u00eb nj\u00ebjtin objekt gjykimi, nuk mund t\u00eb gjykohet dy her\u00eb nga e nj\u00ebjta gjykat\u00eb.<\/p>\n<p>&nbsp;<\/p>\n<p>\u201cKy gangsterll\u00ebk politik mbi gjyq\u00ebsorin \u00ebsht\u00eb kryer nga ata q\u00eb jan\u00eb vet\u00ebshpallur korifenj\u00eb t\u00eb \u2018drejt\u00ebsis\u00eb s\u00eb re\u2019, por q\u00eb n\u00eb fakt po v\u00ebrtetojn\u00eb se e vetmja gj\u00eb e re, \u00ebsht\u00eb guximi i tyre p\u00ebr t\u00eb shkelur me k\u00ebmb\u00eb Kushtetut\u00ebn dhe mbar\u00eb vendin.\u201d -p\u00ebrfundon Duka reagimin e tij.<\/p>\n<p>Postimi i plot\u00eb:<\/p>\n<p>Jam i bindur se shqiptar\u00ebt nuk kishin m\u00eb nevoj\u00eb p\u00ebr prova t\u00eb tjera p\u00ebr r\u00ebnien e rendit ligjor dhe kushtetues n\u00eb vendin ton\u00eb. Megjithat\u00eb, mazhoranca dha bujarisht nj\u00eb tjet\u00ebr shembull dit\u00ebn e sotme, dhe tregoi se ka privatizuar drejt\u00ebsin\u00eb duke kryer nj\u00eb proces paralel p\u00ebr t\u00eb konfirmuar mandatin e bashkis\u00eb s\u00eb Durr\u00ebsit.<br \/>\nKjo manov\u00ebr, p\u00ebr t\u00eb anashkaluar vendimin p\u00ebr mosdh\u00ebnien e mandatit t\u00eb para dy dit\u00ebve, \u00ebsht\u00eb n\u00eb shkelje t\u00eb ligjit sepse e nj\u00ebjta \u00e7\u00ebshtje, me t\u00eb nj\u00ebjtin objekt gjykimi, nuk mund t\u00eb gjykohet dy her\u00eb nga e nj\u00ebjta gjykat\u00eb.<br \/>\nKy gangsterll\u00ebk politik mbi gjyq\u00ebsorin \u00ebsht\u00eb kryer nga ata q\u00eb jan\u00eb vet\u00ebshpallur korifenj\u00eb t\u00eb \u2018drejt\u00ebsis\u00eb s\u00eb re\u2019, por q\u00eb n\u00eb fakt po v\u00ebrtetojn\u00eb se e vetmja gj\u00eb e re, \u00ebsht\u00eb guximi i tyre p\u00ebr t\u00eb shkelur me k\u00ebmb\u00eb Kushtetut\u00ebn dhe mbar\u00eb vendin.<\/p>\n<p>&nbsp;<\/p>","protected":false},"excerpt":{"rendered":"<p>Kreu i PAA, Agron Duka ka reaguar p\u00ebr vendimin e dh\u00ebn\u00eb sot nga gjykata e Durr\u00ebsit duke njohur Valbona Sakon si kryetare t\u00eb Bashkis\u00eb. \u201cJam i bindur se shqiptar\u00ebt nuk kishin m\u00eb nevoj\u00eb p\u00ebr prova t\u00eb tjera p\u00ebr r\u00ebnien e rendit ligjor dhe kushtetues n\u00eb vendin ton\u00eb. Megjithat\u00eb, mazhoranca dha bujarisht nj\u00eb tjet\u00ebr shembull dit\u00ebn [&hellip;]<\/p>\n","protected":false},"author":2013,"featured_media":97245,"comment_status":"open","ping_status":"closed","sticky":false,"template":"","format":"standard","meta":{"footnotes":""},"categories":[241,235],"tags":[],"class_list":{"0":"post-97244","1":"post","2":"type-post","3":"status-publish","4":"format-standard","5":"has-post-thumbnail","7":"category-aktualitet","8":"category-vendi"},"_links":{"self":[{"href":"https:\/\/zjarr.tv\/en\/wp-json\/wp\/v2\/posts\/97244","targetHints":{"allow":["GET"]}}],"collection":[{"href":"https:\/\/zjarr.tv\/en\/wp-json\/wp\/v2\/posts"}],"about":[{"href":"https:\/\/zjarr.tv\/en\/wp-json\/wp\/v2\/types\/post"}],"author":[{"embeddable":true,"href":"https:\/\/zjarr.tv\/en\/wp-json\/wp\/v2\/users\/2013"}],"replies":[{"embeddable":true,"href":"https:\/\/zjarr.tv\/en\/wp-json\/wp\/v2\/comments?post=97244"}],"version-history":[{"count":0,"href":"https:\/\/zjarr.tv\/en\/wp-json\/wp\/v2\/posts\/97244\/revisions"}],"wp:featuredmedia":[{"embeddable":true,"href":"https:\/\/zjarr.tv\/en\/wp-json\/wp\/v2\/media\/97245"}],"wp:attachment":[{"href":"https:\/\/zjarr.tv\/en\/wp-json\/wp\/v2\/media?parent=97244"}],"wp:term":[{"taxonomy":"category","embeddable":true,"href":"https:\/\/zjarr.tv\/en\/wp-json\/wp\/v2\/categories?post=97244"},{"taxonomy":"post_tag","embeddable":true,"href":"https:\/\/zjarr.tv\/en\/wp-json\/wp\/v2\/tags?post=97244"}],"curies":[{"name":"wp","href":"https:\/\/api.w.org\/{rel}","templated":true}]}}