{"id":97247,"date":"2019-07-19T14:44:27","date_gmt":"2019-07-19T12:44:27","guid":{"rendered":"https:\/\/zjarr.tv\/?p=97247"},"modified":"2019-07-19T14:44:27","modified_gmt":"2019-07-19T12:44:27","slug":"vendimi-per-sakon-basha-e-gjithe-drejtesia-nen-kontrollin-e-rames","status":"publish","type":"post","link":"https:\/\/zjarr.tv\/en\/vendimi-per-sakon-basha-e-gjithe-drejtesia-nen-kontrollin-e-rames\/","title":{"rendered":"Vendimi p\u00ebr Sakon, Basha: E gjith\u00eb drejt\u00ebsia n\u00ebn kontrollin e Ram\u00ebs"},"content":{"rendered":"<p>Kreu i PD-s\u00eb Lulzim Basha ka reaguar p\u00ebrmes nj\u00eb statusi n\u00eb facebook lidhur me vendimin e dh\u00ebn\u00eb sot nga gjykata e Durr\u00ebsit, p\u00ebr Valbona Sakon.<\/p>\n<p>\u201cE gjith\u00eb drejt\u00ebsia \u00ebsht\u00eb n\u00ebn kontrollin e plot\u00eb t\u00eb Ram\u00ebs. Vendimi i Gjykat\u00ebs s\u00eb Durr\u00ebsit \u00ebsht\u00eb vendimi i drejt\u00ebsis\u00eb private q\u00eb ka vendosur Edi Rama n\u00eb Shqip\u00ebri.<\/p>\n<p>Ky shpartallim i sistemit t\u00eb drejt\u00ebsis\u00eb do t\u00eb prodhoj\u00eb p\u00ebr nj\u00eb koh\u00eb t\u00eb gjat\u00eb pasoja t\u00eb r\u00ebnda p\u00ebr vendin dhe qytetar\u00ebt.<\/p>\n<p>N\u00ebse nuk e ndalim sa m\u00eb par\u00eb Edi Ram\u00ebn, Shqip\u00ebria do kthehet n\u00eb nj\u00eb shtet t\u00ebr\u00ebsisht t\u00eb falimentuar afrikan.\u201d Shkruan Basha n\u00eb facebook.<\/p>\n<p>&nbsp;<\/p>","protected":false},"excerpt":{"rendered":"<p>Kreu i PD-s\u00eb Lulzim Basha ka reaguar p\u00ebrmes nj\u00eb statusi n\u00eb facebook lidhur me vendimin e dh\u00ebn\u00eb sot nga gjykata e Durr\u00ebsit, p\u00ebr Valbona Sakon. \u201cE gjith\u00eb drejt\u00ebsia \u00ebsht\u00eb n\u00ebn kontrollin e plot\u00eb t\u00eb Ram\u00ebs. Vendimi i Gjykat\u00ebs s\u00eb Durr\u00ebsit \u00ebsht\u00eb vendimi i drejt\u00ebsis\u00eb private q\u00eb ka vendosur Edi Rama n\u00eb Shqip\u00ebri. Ky shpartallim i [&hellip;]<\/p>\n","protected":false},"author":2013,"featured_media":72265,"comment_status":"open","ping_status":"closed","sticky":false,"template":"","format":"standard","meta":{"footnotes":""},"categories":[241,235],"tags":[],"class_list":{"0":"post-97247","1":"post","2":"type-post","3":"status-publish","4":"format-standard","5":"has-post-thumbnail","7":"category-aktualitet","8":"category-vendi"},"_links":{"self":[{"href":"https:\/\/zjarr.tv\/en\/wp-json\/wp\/v2\/posts\/97247","targetHints":{"allow":["GET"]}}],"collection":[{"href":"https:\/\/zjarr.tv\/en\/wp-json\/wp\/v2\/posts"}],"about":[{"href":"https:\/\/zjarr.tv\/en\/wp-json\/wp\/v2\/types\/post"}],"author":[{"embeddable":true,"href":"https:\/\/zjarr.tv\/en\/wp-json\/wp\/v2\/users\/2013"}],"replies":[{"embeddable":true,"href":"https:\/\/zjarr.tv\/en\/wp-json\/wp\/v2\/comments?post=97247"}],"version-history":[{"count":0,"href":"https:\/\/zjarr.tv\/en\/wp-json\/wp\/v2\/posts\/97247\/revisions"}],"wp:featuredmedia":[{"embeddable":true,"href":"https:\/\/zjarr.tv\/en\/wp-json\/wp\/v2\/media\/72265"}],"wp:attachment":[{"href":"https:\/\/zjarr.tv\/en\/wp-json\/wp\/v2\/media?parent=97247"}],"wp:term":[{"taxonomy":"category","embeddable":true,"href":"https:\/\/zjarr.tv\/en\/wp-json\/wp\/v2\/categories?post=97247"},{"taxonomy":"post_tag","embeddable":true,"href":"https:\/\/zjarr.tv\/en\/wp-json\/wp\/v2\/tags?post=97247"}],"curies":[{"name":"wp","href":"https:\/\/api.w.org\/{rel}","templated":true}]}}