{"id":97249,"date":"2019-07-19T14:46:10","date_gmt":"2019-07-19T12:46:10","guid":{"rendered":"https:\/\/zjarr.tv\/?p=97249"},"modified":"2019-07-19T14:46:10","modified_gmt":"2019-07-19T12:46:10","slug":"arrestimi-i-16-vjecarit-ne-arapaj-prokuroria-sqaron-ngjarjen","status":"publish","type":"post","link":"https:\/\/zjarr.tv\/en\/arrestimi-i-16-vjecarit-ne-arapaj-prokuroria-sqaron-ngjarjen\/","title":{"rendered":"Arrestimi i 16-vjecarit n\u00eb Arapaj, Prokuroria sqaron ngjarjen"},"content":{"rendered":"<p>Prokuroria e Durr\u00ebsit, ka reaguar pas publikimit t\u00eb lajmit n\u00eb media lidhur me rastin e 8-vjecares n\u00eb fshatin Arapaj t\u00eb Durr\u00ebsit. N\u00eb njoftimin zyrtar prokuroria thot\u00eb se nuk ka ndodhur dhe nuk \u00ebsht\u00eb tentuar t\u00eb kryhet vepra penale e \u201cMarredhenieve seksuale me t\u00eb mitur\u201d.<\/p>\n<p>\u201cRasti ka t\u00eb b\u00ebj\u00eb me persona t\u00eb mitur t\u00eb p\u00ebrfshir\u00eb n\u00eb k\u00ebt\u00eb ngjarje dhe p\u00ebr k\u00ebto arsye bazuar n\u00eb parashikimet e Kodit t\u00eb Drejt\u00ebsis\u00eb Penale p\u00ebr t\u00eb Mitur ju b\u00ebjm\u00eb me dije se \u00ebsht\u00eb i ndaluar \u00e7do lloj publikimi lidhur me rastin.\u201d Thuhet n\u00eb njoftimin e Prokuroris\u00eb.<\/p>\n<p><strong>Njoftimi i Plot\u00eb:<\/strong><br \/>\nSipas informacionit q\u00eb u administrua nga Prokuroria pran\u00eb Gjykat\u00ebs s\u00eb Shkall\u00ebs s\u00eb Par\u00eb Durr\u00ebs, lidhur me rastin q\u00eb \u00ebsht\u00eb p\u00ebrhapur n\u00eb media q\u00eb ka t\u00eb b\u00ebj me nj\u00eb ngjarje t\u00eb ndodhur ne Arapaj Durr\u00ebs, ju informojm\u00eb se:<\/p>\n<p>\u00cbsht\u00eb regjistruar \u00e7\u00ebshtja penale Nr.1288 q\u00eb b\u00ebn fjal\u00eb p\u00ebr vepr\u00ebn penale t\u00eb parashikuar nga nenet 108\/a dhe 110\/2 t\u00eb Kodit Penal.<\/p>\n<p>Nuk jan\u00eb t\u00eb sakta njoftimet e p\u00ebrhapura n\u00eb media lidhur me k\u00ebt\u00eb \u00e7\u00ebshtje, sipas akteve t\u00eb administruara nuk ka ndodhur dhe nuk \u00ebsht\u00eb tentuar t\u00eb kryhet vepra penale e \u201cMarredhenieve seksuale me t\u00eb mitur\u201d.<br \/>\nRasti ka t\u00eb b\u00ebj\u00eb me persona t\u00eb mitur t\u00eb p\u00ebrfshir\u00eb n\u00eb k\u00ebt\u00eb ngjarje dhe p\u00ebr k\u00ebto arsye bazuar n\u00eb parashikimet e Kodit t\u00eb Drejt\u00ebsis\u00eb Penale p\u00ebr t\u00eb Mitur ju b\u00ebjm\u00eb me dije se \u00ebsht\u00eb i ndaluar \u00e7do lloj publikimi lidhur me rastin.<\/p>\n<p>Do t\u00eb k\u00ebrkojm\u00eb mir\u00ebkuptimin tuaj p\u00ebr mospublikimin e rastit si arsye e parashikimeve t\u00eb ketij Kodi.<br \/>\nDuke ju falenderuar p\u00ebr v\u00ebmendjen!<\/p>\n<p>&nbsp;<\/p>","protected":false},"excerpt":{"rendered":"<p>Prokuroria e Durr\u00ebsit, ka reaguar pas publikimit t\u00eb lajmit n\u00eb media lidhur me rastin e 8-vjecares n\u00eb fshatin Arapaj t\u00eb Durr\u00ebsit. N\u00eb njoftimin zyrtar prokuroria thot\u00eb se nuk ka ndodhur dhe nuk \u00ebsht\u00eb tentuar t\u00eb kryhet vepra penale e \u201cMarredhenieve seksuale me t\u00eb mitur\u201d. \u201cRasti ka t\u00eb b\u00ebj\u00eb me persona t\u00eb mitur t\u00eb p\u00ebrfshir\u00eb n\u00eb [&hellip;]<\/p>\n","protected":false},"author":2013,"featured_media":97250,"comment_status":"open","ping_status":"closed","sticky":false,"template":"","format":"standard","meta":{"footnotes":""},"categories":[241,235],"tags":[],"class_list":{"0":"post-97249","1":"post","2":"type-post","3":"status-publish","4":"format-standard","5":"has-post-thumbnail","7":"category-aktualitet","8":"category-vendi"},"_links":{"self":[{"href":"https:\/\/zjarr.tv\/en\/wp-json\/wp\/v2\/posts\/97249","targetHints":{"allow":["GET"]}}],"collection":[{"href":"https:\/\/zjarr.tv\/en\/wp-json\/wp\/v2\/posts"}],"about":[{"href":"https:\/\/zjarr.tv\/en\/wp-json\/wp\/v2\/types\/post"}],"author":[{"embeddable":true,"href":"https:\/\/zjarr.tv\/en\/wp-json\/wp\/v2\/users\/2013"}],"replies":[{"embeddable":true,"href":"https:\/\/zjarr.tv\/en\/wp-json\/wp\/v2\/comments?post=97249"}],"version-history":[{"count":0,"href":"https:\/\/zjarr.tv\/en\/wp-json\/wp\/v2\/posts\/97249\/revisions"}],"wp:featuredmedia":[{"embeddable":true,"href":"https:\/\/zjarr.tv\/en\/wp-json\/wp\/v2\/media\/97250"}],"wp:attachment":[{"href":"https:\/\/zjarr.tv\/en\/wp-json\/wp\/v2\/media?parent=97249"}],"wp:term":[{"taxonomy":"category","embeddable":true,"href":"https:\/\/zjarr.tv\/en\/wp-json\/wp\/v2\/categories?post=97249"},{"taxonomy":"post_tag","embeddable":true,"href":"https:\/\/zjarr.tv\/en\/wp-json\/wp\/v2\/tags?post=97249"}],"curies":[{"name":"wp","href":"https:\/\/api.w.org\/{rel}","templated":true}]}}