{"id":97253,"date":"2019-07-19T15:35:04","date_gmt":"2019-07-19T13:35:04","guid":{"rendered":"https:\/\/zjarr.tv\/?p=97253"},"modified":"2019-07-19T15:35:04","modified_gmt":"2019-07-19T13:35:04","slug":"shenohet-tjeter-viktime-nderron-jete-gjate-rruges-per-ne-spital-pushuesi-ne-durres","status":"publish","type":"post","link":"https:\/\/zjarr.tv\/en\/shenohet-tjeter-viktime-nderron-jete-gjate-rruges-per-ne-spital-pushuesi-ne-durres\/","title":{"rendered":"Sh\u00ebnohet tjet\u00ebr viktim\u00eb, nd\u00ebrron jet\u00eb gjat\u00eb rrug\u00ebs p\u00ebr n\u00eb spital pushuesi n\u00eb Durr\u00ebs"},"content":{"rendered":"<p>Sh\u00ebnohet nj\u00eb viktim\u00eb tjet\u00ebr\u00a0 n\u00eb lagjen nr 13 n\u00eb Durr\u00ebs ku nj\u00eb person\u00a0 rreth 70-vje\u00e7, akoma i pa identifikuar \u00ebsht\u00eb futur n\u00eb det dhe nuk \u00ebsht\u00eb ndjer\u00eb mire.<\/p>\n<p>N\u00eb k\u00ebt\u00eb moment ai \u00ebsht\u00eb nxjerr\u00eb nga pushuesit dhe \u00ebsht\u00eb transportuar n\u00eb Spitalin Rajonal Durr\u00ebs, ku ka nd\u00ebrruar jet\u00eb rrug\u00ebs.<\/p>\n<p>Sipas informacioneve paraprake dyshohet se shkak I k\u00ebsaj ngjerje ka qen\u00eb nj\u00eb arrest kardiak i cili i ka marr\u00eb jet\u00ebn 70-vje\u00e7arit.<\/p>\n<p>Informacion Paraprak<\/p>\n<p>M\u00eb dat\u00eb 19.07.2019,rreth or\u00ebs 14:07, n\u00eb lagjen nr.13, Durr\u00ebs, nj\u00eb shtetas ende i paidentifikuar, i seksit mashkull, rreth 70 vje\u00e7, \u00ebsht\u00eb futur n\u00eb det dhe nuk \u00ebsht\u00eb ndjer\u00eb mir\u00eb ,ai \u00ebsht\u00eb transportuar n\u00eb Spitalin Rajonal Durr\u00ebs, por\u00a0 ka nd\u00ebrruar jet\u00eb, dyshohet arrest kardiak.<\/p>\n<p>Grupi Hetimor po punon p\u00ebr zbardhjen e plot\u00eb t\u00eb ngjarjes.<\/p>\n<p>&nbsp;<\/p>","protected":false},"excerpt":{"rendered":"<p>Sh\u00ebnohet nj\u00eb viktim\u00eb tjet\u00ebr\u00a0 n\u00eb lagjen nr 13 n\u00eb Durr\u00ebs ku nj\u00eb person\u00a0 rreth 70-vje\u00e7, akoma i pa identifikuar \u00ebsht\u00eb futur n\u00eb det dhe nuk \u00ebsht\u00eb ndjer\u00eb mire. N\u00eb k\u00ebt\u00eb moment ai \u00ebsht\u00eb nxjerr\u00eb nga pushuesit dhe \u00ebsht\u00eb transportuar n\u00eb Spitalin Rajonal Durr\u00ebs, ku ka nd\u00ebrruar jet\u00eb rrug\u00ebs. Sipas informacioneve paraprake dyshohet se shkak I [&hellip;]<\/p>\n","protected":false},"author":2013,"featured_media":95079,"comment_status":"open","ping_status":"closed","sticky":false,"template":"","format":"standard","meta":{"footnotes":""},"categories":[241,235],"tags":[],"class_list":{"0":"post-97253","1":"post","2":"type-post","3":"status-publish","4":"format-standard","5":"has-post-thumbnail","7":"category-aktualitet","8":"category-vendi"},"_links":{"self":[{"href":"https:\/\/zjarr.tv\/en\/wp-json\/wp\/v2\/posts\/97253","targetHints":{"allow":["GET"]}}],"collection":[{"href":"https:\/\/zjarr.tv\/en\/wp-json\/wp\/v2\/posts"}],"about":[{"href":"https:\/\/zjarr.tv\/en\/wp-json\/wp\/v2\/types\/post"}],"author":[{"embeddable":true,"href":"https:\/\/zjarr.tv\/en\/wp-json\/wp\/v2\/users\/2013"}],"replies":[{"embeddable":true,"href":"https:\/\/zjarr.tv\/en\/wp-json\/wp\/v2\/comments?post=97253"}],"version-history":[{"count":0,"href":"https:\/\/zjarr.tv\/en\/wp-json\/wp\/v2\/posts\/97253\/revisions"}],"wp:featuredmedia":[{"embeddable":true,"href":"https:\/\/zjarr.tv\/en\/wp-json\/wp\/v2\/media\/95079"}],"wp:attachment":[{"href":"https:\/\/zjarr.tv\/en\/wp-json\/wp\/v2\/media?parent=97253"}],"wp:term":[{"taxonomy":"category","embeddable":true,"href":"https:\/\/zjarr.tv\/en\/wp-json\/wp\/v2\/categories?post=97253"},{"taxonomy":"post_tag","embeddable":true,"href":"https:\/\/zjarr.tv\/en\/wp-json\/wp\/v2\/tags?post=97253"}],"curies":[{"name":"wp","href":"https:\/\/api.w.org\/{rel}","templated":true}]}}