{"id":97290,"date":"2019-07-19T16:16:09","date_gmt":"2019-07-19T14:16:09","guid":{"rendered":"https:\/\/zjarr.tv\/?p=97290"},"modified":"2019-07-19T16:16:09","modified_gmt":"2019-07-19T14:16:09","slug":"censure-shoqatat-e-medias-rama-te-terheqe-nismen-antishpifje","status":"publish","type":"post","link":"https:\/\/zjarr.tv\/en\/censure-shoqatat-e-medias-rama-te-terheqe-nismen-antishpifje\/","title":{"rendered":"\u201cCensure\u201d! Shoqatat e medias: Rama t\u00eb t\u00ebrheq\u00eb nism\u00ebn antishpifje"},"content":{"rendered":"<p>Projektligjet e propozurara nga kryeministri Edi Rama p\u00ebr \u201cdisiplinimin\u201d e medias n\u00eb internet u publikuan t\u00eb enjten n\u00eb faqen e Kuvendit t\u00eb Shqip\u00ebris\u00eb duke sh\u00ebnuar nisjen e shqyrtimit parlamentar, por dhjet\u00eb organizata shqiptare publikuan nj\u00eb kritik\u00eb t\u00eb ashp\u00ebr t\u00eb nism\u00ebs duke k\u00ebrkuar \u201ct\u00ebheqjen e menj\u00ebhershme t\u00eb tyre\u201d.<\/p>\n<p>Organizatat BIRN Albania, Civil Rights Defenders, Instituti Shqiptar i Medias, Instituti Shqiptar i Shkencave, K\u00ebshilli Shqiptar i Medias, Qendra Res Publica, Qendra Shqiptare MediaLook, Qendra Shqiptare p\u00ebr Gazetari Cil\u00ebsore, Shoqata e Gazetar\u00ebve Profesionist\u00eb t\u00eb Shqip\u00ebris\u00eb dhe Unioni i Gazetar\u00ebve t\u00eb Shqip\u00ebris\u00eb thon\u00eb se projektligjet n\u00eb fjal\u00eb, jo vet\u00ebm q\u00eb jan\u00eb t\u00eb paprecedenta si nisma ligjore n\u00eb vendet e bot\u00ebs demokratike, por edhe t\u00eb gabuara n\u00eb thelb, t\u00eb tilla q\u00eb rrezikojn\u00eb vendosjen e nj\u00eb regjimi cenzure p\u00ebr fjal\u00ebn e lir\u00eb n\u00eb internet.<\/p>\n<p>\u201cProjektligjet n\u00eb m\u00ebnyr\u00eb t\u00eb paprecedent\u00eb n\u00eb vendet demokratike, synojn\u00eb t\u00eb krijojn\u00eb nj\u00eb regjim kontrolli administrativ mbi median online,\u201d shkruhet n\u00eb deklarat\u00eb.<\/p>\n<p>\u201cProjektligjet i japin fuqi nj\u00eb enti administrativ shtet\u00ebror p\u00ebr t\u00eb rregulluar p\u00ebrmbajt\u00ebn e mediave online, nd\u00ebrkoh\u00eb q\u00eb nuk adresojn\u00eb problemin e gjithp\u00ebrhapur t\u00eb propagand\u00ebs s\u00eb kamufluar si informacion dhe dizininformimit t\u00eb sponsorizuar nga qeveria, nj\u00ebsit\u00eb e qeverisjes vendore dhe partit\u00eb politike,\u201d vijon m\u00eb tej deklarata.<\/p>\n<p>\u201cNe inkurajom\u00eb Qeverin\u00eb Shqiptare t\u00eb t\u00ebrheq\u00eb dy projektligjet si dhe i b\u00ebjm\u00eb thirrje Kuvendit t\u00eb Shqip\u00ebris\u00eb t\u00eb mos i miratoj\u00eb ato,\u201d shkruhet n\u00eb deklarat\u00eb.<\/p>\n<p>Kryeministri Edi Rama ka nisur prej koh\u00ebs nj\u00eb fushat\u00eb denigrimi ndaj medias, shpesh duke akuzuar median si p\u00ebrgjegj\u00ebse p\u00ebr skandalet e ndryshme q\u00eb kan\u00eb shp\u00ebrthyer p\u00ebrreth qeveris\u00eb s\u00eb tij. Kjo \u00ebsht\u00eb nisma e pest\u00eb ligjore p\u00ebrgjat\u00eb nj\u00eb periudhe pes\u00ebvje\u00e7are, p\u00ebrmes t\u00eb cilave \u00ebsht\u00eb synuar krijimi i nj\u00eb regjimi kontrolli ndaj \u201ckomenteve online\u201d, medias n\u00eb internet apo liris\u00eb s\u00eb shprehjes.<\/p>\n<p>T\u00eb kat\u00ebr nismat e m\u00ebparshme, t\u00eb njohura si \u201cNisma Rama\u201d p\u00ebr kriminalizimi i shpifjes ndaj zyrtar\u00ebve t\u00eb lart\u00eb, Amendamenti \u201cBregu\u201d kund\u00ebr komenteve online, \u201cprojektligji Harito\u201d p\u00ebr tregtin\u00eb elektronike dhe \u201cpropozimi Balla\u201d p\u00ebr regjistrimin e portaleve n\u00eb koh\u00eb zgjedhjesh, kan\u00eb d\u00ebshtuar t\u00eb miratohen pas protestave vend\u00ebse dhe nd\u00ebrkomb\u00ebtare. Por asnj\u00eb nga k\u00ebto nisma nuk mb\u00ebrriti deri n\u00eb faz\u00ebn e dor\u00ebzimit si projektligj n\u00eb parlament, si\u00e7 \u00ebsht\u00eb rasti i dy projektligjeve t\u00eb fundit.<\/p>\n<p>N\u00eb relacionet e projektligjeve qeveria p\u00ebrpiqet t\u00eb argumentoj\u00eb nevoj\u00ebn p\u00ebr nisma t\u00eb tilla me nj\u00eb gjuh\u00eb thuajse oruelliane, ku disa shqet\u00ebsime konkrete p\u00ebr gjendjen e medias, t\u00eb tilla si p\u00ebrqendrimi i industris\u00eb s\u00eb televizioneve n\u00eb pak biznese, p\u00ebrdoren p\u00ebr t\u00eb justifikuar krijimin e nj\u00eb regjistri kontrolli p\u00ebr t\u00eb gjitha publikimet n\u00eb internet, nga faqet e mediave konvencionale deri te blogjet personale t\u00eb qytetar\u00ebve.<\/p>\n<p>\u201cMiratimi i k\u00ebtyre projektligjeve n\u00eb formatin aktual apo me ndryshime kozmetike do t\u00eb ishte nj\u00eb hap pas p\u00ebr demokracin\u00eb dhe lirit\u00eb themelore n\u00eb Shqip\u00ebri dhe procesin e integrimit t\u00eb vendit n\u00eb familjen evropiane,\u201d shkruajn\u00eb organizatat.<\/p>\n<p>&nbsp;<\/p>","protected":false},"excerpt":{"rendered":"<p>Projektligjet e propozurara nga kryeministri Edi Rama p\u00ebr \u201cdisiplinimin\u201d e medias n\u00eb internet u publikuan t\u00eb enjten n\u00eb faqen e Kuvendit t\u00eb Shqip\u00ebris\u00eb duke sh\u00ebnuar nisjen e shqyrtimit parlamentar, por dhjet\u00eb organizata shqiptare publikuan nj\u00eb kritik\u00eb t\u00eb ashp\u00ebr t\u00eb nism\u00ebs duke k\u00ebrkuar \u201ct\u00ebheqjen e menj\u00ebhershme t\u00eb tyre\u201d. Organizatat BIRN Albania, Civil Rights Defenders, Instituti Shqiptar [&hellip;]<\/p>\n","protected":false},"author":2013,"featured_media":97310,"comment_status":"open","ping_status":"closed","sticky":false,"template":"","format":"standard","meta":{"footnotes":""},"categories":[241,235],"tags":[],"class_list":{"0":"post-97290","1":"post","2":"type-post","3":"status-publish","4":"format-standard","5":"has-post-thumbnail","7":"category-aktualitet","8":"category-vendi"},"_links":{"self":[{"href":"https:\/\/zjarr.tv\/en\/wp-json\/wp\/v2\/posts\/97290","targetHints":{"allow":["GET"]}}],"collection":[{"href":"https:\/\/zjarr.tv\/en\/wp-json\/wp\/v2\/posts"}],"about":[{"href":"https:\/\/zjarr.tv\/en\/wp-json\/wp\/v2\/types\/post"}],"author":[{"embeddable":true,"href":"https:\/\/zjarr.tv\/en\/wp-json\/wp\/v2\/users\/2013"}],"replies":[{"embeddable":true,"href":"https:\/\/zjarr.tv\/en\/wp-json\/wp\/v2\/comments?post=97290"}],"version-history":[{"count":0,"href":"https:\/\/zjarr.tv\/en\/wp-json\/wp\/v2\/posts\/97290\/revisions"}],"wp:featuredmedia":[{"embeddable":true,"href":"https:\/\/zjarr.tv\/en\/wp-json\/wp\/v2\/media\/97310"}],"wp:attachment":[{"href":"https:\/\/zjarr.tv\/en\/wp-json\/wp\/v2\/media?parent=97290"}],"wp:term":[{"taxonomy":"category","embeddable":true,"href":"https:\/\/zjarr.tv\/en\/wp-json\/wp\/v2\/categories?post=97290"},{"taxonomy":"post_tag","embeddable":true,"href":"https:\/\/zjarr.tv\/en\/wp-json\/wp\/v2\/tags?post=97290"}],"curies":[{"name":"wp","href":"https:\/\/api.w.org\/{rel}","templated":true}]}}