{"id":97312,"date":"2019-07-19T16:17:36","date_gmt":"2019-07-19T14:17:36","guid":{"rendered":"https:\/\/zjarr.tv\/?p=97312"},"modified":"2019-07-19T16:17:36","modified_gmt":"2019-07-19T14:17:36","slug":"vora-ps-kerkese-gjykates-njihni-mandatin-e-agim-kajmakut","status":"publish","type":"post","link":"https:\/\/zjarr.tv\/en\/vora-ps-kerkese-gjykates-njihni-mandatin-e-agim-kajmakut\/","title":{"rendered":"Vora, PS k\u00ebrkes\u00eb Gjykat\u00ebs: Njihni mandatin e Agim Kajmakut"},"content":{"rendered":"<p>Pas Durr\u00ebsit, Partia Socialste i k\u00ebrkon Gjykat\u00ebs s\u00eb Tiran\u00ebs t\u00eb njoh\u00eb mandatin e kryetarit t\u00eb bashkis\u00eb t\u00eb dal\u00eb nga 30 qershori, Agim Kajmaku. PS i \u00ebsht\u00eb drejtuar me nj\u00eb k\u00ebrkes\u00eb zyrtare gjykat\u00ebs s\u00eb Tiran\u00ebs, p\u00ebr t\u00eb njohur Kajmakun si kryetarin e re t\u00eb Bashkis\u00eb s\u00eb Vor\u00ebs, e qeverisur deri tani nga demokrat\u00ebt.<br \/>\nM\u00eb 15 korrik, Gjykata e Tiran\u00ebs shpalli moskompetenc\u00ebn p\u00ebr t\u00eb dh\u00ebn\u00eb nj\u00eb vendim mbi ligjshm\u00ebrin\u00eb e mandatit t\u00eb Agim Kajmakut p\u00ebr t\u00eb drejtuar Bashkin\u00eb e Vor\u00ebs, vendim q\u00eb u publikua dy t\u00eb dit\u00eb m\u00eb par\u00eb.<br \/>\nN\u00eb vendimin e trup\u00ebs gjykuese, thuhet se kjo kompetenc\u00eb i kalohet Gjykat\u00ebs Administrative. Ky vendim i dh\u00ebn\u00eb m\u00eb 15 korrik dhe firmosur nga gjyqtarja Ariana Gunbardhi, mund t\u00eb apelohet n\u00eb Gjykat\u00ebn e Lart\u00eb brenda 5 dit\u00ebve.<\/p>","protected":false},"excerpt":{"rendered":"<p>Pas Durr\u00ebsit, Partia Socialste i k\u00ebrkon Gjykat\u00ebs s\u00eb Tiran\u00ebs t\u00eb njoh\u00eb mandatin e kryetarit t\u00eb bashkis\u00eb t\u00eb dal\u00eb nga 30 qershori, Agim Kajmaku. PS i \u00ebsht\u00eb drejtuar me nj\u00eb k\u00ebrkes\u00eb zyrtare gjykat\u00ebs s\u00eb Tiran\u00ebs, p\u00ebr t\u00eb njohur Kajmakun si kryetarin e re t\u00eb Bashkis\u00eb s\u00eb Vor\u00ebs, e qeverisur deri tani nga demokrat\u00ebt. M\u00eb 15 korrik, [&hellip;]<\/p>\n","protected":false},"author":2013,"featured_media":97313,"comment_status":"open","ping_status":"closed","sticky":false,"template":"","format":"standard","meta":{"footnotes":""},"categories":[241,235],"tags":[],"class_list":{"0":"post-97312","1":"post","2":"type-post","3":"status-publish","4":"format-standard","5":"has-post-thumbnail","7":"category-aktualitet","8":"category-vendi"},"_links":{"self":[{"href":"https:\/\/zjarr.tv\/en\/wp-json\/wp\/v2\/posts\/97312","targetHints":{"allow":["GET"]}}],"collection":[{"href":"https:\/\/zjarr.tv\/en\/wp-json\/wp\/v2\/posts"}],"about":[{"href":"https:\/\/zjarr.tv\/en\/wp-json\/wp\/v2\/types\/post"}],"author":[{"embeddable":true,"href":"https:\/\/zjarr.tv\/en\/wp-json\/wp\/v2\/users\/2013"}],"replies":[{"embeddable":true,"href":"https:\/\/zjarr.tv\/en\/wp-json\/wp\/v2\/comments?post=97312"}],"version-history":[{"count":0,"href":"https:\/\/zjarr.tv\/en\/wp-json\/wp\/v2\/posts\/97312\/revisions"}],"wp:featuredmedia":[{"embeddable":true,"href":"https:\/\/zjarr.tv\/en\/wp-json\/wp\/v2\/media\/97313"}],"wp:attachment":[{"href":"https:\/\/zjarr.tv\/en\/wp-json\/wp\/v2\/media?parent=97312"}],"wp:term":[{"taxonomy":"category","embeddable":true,"href":"https:\/\/zjarr.tv\/en\/wp-json\/wp\/v2\/categories?post=97312"},{"taxonomy":"post_tag","embeddable":true,"href":"https:\/\/zjarr.tv\/en\/wp-json\/wp\/v2\/tags?post=97312"}],"curies":[{"name":"wp","href":"https:\/\/api.w.org\/{rel}","templated":true}]}}