{"id":97321,"date":"2019-07-19T16:24:25","date_gmt":"2019-07-19T14:24:25","guid":{"rendered":"https:\/\/zjarr.tv\/?p=97321"},"modified":"2019-07-19T16:24:25","modified_gmt":"2019-07-19T14:24:25","slug":"alarm-per-bombe-ne-aeroport-evakuohen-130-pasagjere-ne-beograd","status":"publish","type":"post","link":"https:\/\/zjarr.tv\/en\/alarm-per-bombe-ne-aeroport-evakuohen-130-pasagjere-ne-beograd\/","title":{"rendered":"Alarm p\u00ebr bomb\u00eb n\u00eb aeroport, evakuohen 130 pasagjer\u00eb ne Beograd"},"content":{"rendered":"<p>130 pasagjer\u00eb dhe 5 an\u00ebtar\u00eb t\u00eb ekuipazhit nga nj\u00eb aeroplan i kompanis\u00eb Lufthansa n\u00eb Beograd, jan\u00eb evakuuar pas nj\u00eb alarmi p\u00ebr bomb\u00eb n\u00eb bord. Ndon\u00ebse policia beson se b\u00ebhet fjal\u00eb p\u00ebr nj\u00eb alarm t\u00eb rrem\u00eb, mediat raportojn\u00eb se ende jan\u00eb duke u ushtruar kontrolle.<\/p>\n<p>Sipas deklarat\u00ebs s\u00eb Ministris\u00eb s\u00eb Brendshme, nj\u00eb i huaj ka telefonuar n\u00eb aeroportin \u201cNikola Tesla\u201d n\u00eb Beograd rreth or\u00ebs 06:00 t\u00eb m\u00ebngjesit duke deklaruar se gjendej nj\u00eb bomb\u00eb n\u00eb avionin e linj\u00ebs ajrore gjermane q\u00eb po largohej p\u00ebr n\u00eb Frankfurt.<\/p>\n<p>&nbsp;<\/p>","protected":false},"excerpt":{"rendered":"<p>130 pasagjer\u00eb dhe 5 an\u00ebtar\u00eb t\u00eb ekuipazhit nga nj\u00eb aeroplan i kompanis\u00eb Lufthansa n\u00eb Beograd, jan\u00eb evakuuar pas nj\u00eb alarmi p\u00ebr bomb\u00eb n\u00eb bord. Ndon\u00ebse policia beson se b\u00ebhet fjal\u00eb p\u00ebr nj\u00eb alarm t\u00eb rrem\u00eb, mediat raportojn\u00eb se ende jan\u00eb duke u ushtruar kontrolle. Sipas deklarat\u00ebs s\u00eb Ministris\u00eb s\u00eb Brendshme, nj\u00eb i huaj ka telefonuar [&hellip;]<\/p>\n","protected":false},"author":2013,"featured_media":97322,"comment_status":"open","ping_status":"closed","sticky":false,"template":"","format":"standard","meta":{"footnotes":""},"categories":[241,2],"tags":[],"class_list":{"0":"post-97321","1":"post","2":"type-post","3":"status-publish","4":"format-standard","5":"has-post-thumbnail","7":"category-aktualitet","8":"category-rajoni"},"_links":{"self":[{"href":"https:\/\/zjarr.tv\/en\/wp-json\/wp\/v2\/posts\/97321","targetHints":{"allow":["GET"]}}],"collection":[{"href":"https:\/\/zjarr.tv\/en\/wp-json\/wp\/v2\/posts"}],"about":[{"href":"https:\/\/zjarr.tv\/en\/wp-json\/wp\/v2\/types\/post"}],"author":[{"embeddable":true,"href":"https:\/\/zjarr.tv\/en\/wp-json\/wp\/v2\/users\/2013"}],"replies":[{"embeddable":true,"href":"https:\/\/zjarr.tv\/en\/wp-json\/wp\/v2\/comments?post=97321"}],"version-history":[{"count":0,"href":"https:\/\/zjarr.tv\/en\/wp-json\/wp\/v2\/posts\/97321\/revisions"}],"wp:featuredmedia":[{"embeddable":true,"href":"https:\/\/zjarr.tv\/en\/wp-json\/wp\/v2\/media\/97322"}],"wp:attachment":[{"href":"https:\/\/zjarr.tv\/en\/wp-json\/wp\/v2\/media?parent=97321"}],"wp:term":[{"taxonomy":"category","embeddable":true,"href":"https:\/\/zjarr.tv\/en\/wp-json\/wp\/v2\/categories?post=97321"},{"taxonomy":"post_tag","embeddable":true,"href":"https:\/\/zjarr.tv\/en\/wp-json\/wp\/v2\/tags?post=97321"}],"curies":[{"name":"wp","href":"https:\/\/api.w.org\/{rel}","templated":true}]}}